
			
				

					
				

			
		{"items":"\n\t\t\t\t\t\t\t\t\t\t\t\n<article id=\"post-762\" class=\"wd-post blog-design-list blog-post-loop blog-style-flat post-762 post type-post status-publish format-standard has-post-thumbnail hentry category-cuidados-com-a-pele category-saude\">\n\t<div class=\"wd-post-inner\">\n\t\t<div class=\"wd-post-thumb\">\n\t\t\t\t\t\t\t<div class=\"wd-post-img\">\n\t\t\t\t\t<img width=\"1300\" height=\"650\" src=\"https:\/\/curante.net\/wp-content\/uploads\/2018\/08\/imagens-blog-curante-5-1300x650.jpg\" class=\"attachment-large size-large\" alt=\"\" decoding=\"async\" srcset=\"https:\/\/curante.net\/wp-content\/uploads\/2018\/08\/imagens-blog-curante-5-1300x650.jpg 1300w, https:\/\/curante.net\/wp-content\/uploads\/2018\/08\/imagens-blog-curante-5-400x200.jpg 400w, https:\/\/curante.net\/wp-content\/uploads\/2018\/08\/imagens-blog-curante-5-768x384.jpg 768w, https:\/\/curante.net\/wp-content\/uploads\/2018\/08\/imagens-blog-curante-5-1536x768.jpg 1536w, https:\/\/curante.net\/wp-content\/uploads\/2018\/08\/imagens-blog-curante-5-2048x1024.jpg 2048w, https:\/\/curante.net\/wp-content\/uploads\/2018\/08\/imagens-blog-curante-5-430x215.jpg 430w, https:\/\/curante.net\/wp-content\/uploads\/2018\/08\/imagens-blog-curante-5-700x350.jpg 700w, https:\/\/curante.net\/wp-content\/uploads\/2018\/08\/imagens-blog-curante-5-150x75.jpg 150w\" sizes=\"(max-width: 1300px) 100vw, 1300px\" \/>\t\t\t\t<\/div>\n\t\t\t\t\t\t\t\t\t\t\t\t\t<link rel=\"stylesheet\" id=\"wd-post-types-mod-date-style-bg-css\" href=\"https:\/\/curante.net\/wp-content\/themes\/woodmart\/css\/parts\/post-types-mod-date-style-bg.min.css?ver=8.2.7\" type=\"text\/css\" media=\"all\" \/> \t\t\t\t\t\t<div class=\"wd-post-date wd-style-with-bg\">\n\t\t\t\t<span class=\"post-date-day\">\n\t\t\t\t\t28\t\t\t\t<\/span>\n\t\t\t\t<span class=\"post-date-month\">\n\t\t\t\t\tdez\t\t\t\t<\/span>\n\t\t\t<\/div>\n\t\t\t\t\t\t\t\t\t\t\t<a class=\"wd-post-link wd-fill\" href=\"https:\/\/curante.net\/o-segredo-da-pele-boa-3-habitos-diarios-que-voce-precisa-ter\/\" rel=\"bookmark\" aria-label=\"Link no post O Segredo da Pele Boa: 3 H\u00e1bitos Di\u00e1rios que Voc\u00ea Precisa Ter.\"><\/a>\n\t\t\t\t\t<\/div>\n\n\t\t<div class=\"wd-post-content\">\n\t\t\t<div class=\"wd-post-content-inner wd-scroll\">\n\t\t\t\t\t\t\t\t\t\t\t\t\t<h3 class=\"wd-post-title wd-entities-title title post-title\">\n\t\t\t\t\t\t<a href=\"https:\/\/curante.net\/o-segredo-da-pele-boa-3-habitos-diarios-que-voce-precisa-ter\/\" rel=\"bookmark\">\n\t\t\t\t\t\t\tO Segredo da Pele Boa: 3 H\u00e1bitos Di\u00e1rios que Voc\u00ea Precisa Ter.\t\t\t\t\t\t<\/a>\n\t\t\t\t\t<\/h3>\n\t\t\t\t\t\t\t\t\t\t\t\t\t<div class=\"wd-post-excerpt wd-scroll-content\">\n\t\t\t\t\t\t\t\t\t\t\t\t\tCom a correria do dia a dia, os cuidados com a pele do rosto acabam ficando em segundo plano. Mas saiba que isso n\u00e3o deve acontecer, pois com o passar dos anos, nosso corpo diminui a produ\u00e7\u00e3o de col\u00e1geno e...\t\t\t\t\t\t\t\t\t\t\t<\/div>\n\t\t\t\t\t\t\t<\/div>\n\t\t\t\t\t\t\t\t\t\t\t\t<div class=\"wd-post-read-more wd-style-btn\">\n\t\t\t\t\t\t<a class=\" btn\" href=\"https:\/\/curante.net\/o-segredo-da-pele-boa-3-habitos-diarios-que-voce-precisa-ter\/\">Leia Mais<\/a>\t\t\t\t\t<\/div>\n\t\t\t\t\t\t\t\t\t<\/div>\n\t<\/div>\n<\/article>\n\t\t\t\t\t\t\t\t\t\t\t\n<article id=\"post-1868\" class=\"wd-post blog-design-list blog-post-loop blog-style-flat post-1868 post type-post status-publish format-standard has-post-thumbnail hentry category-dicas category-saude\">\n\t<div class=\"wd-post-inner\">\n\t\t<div class=\"wd-post-thumb\">\n\t\t\t\t\t\t\t<div class=\"wd-post-img\">\n\t\t\t\t\t<img width=\"1300\" height=\"650\" src=\"https:\/\/curante.net\/wp-content\/uploads\/2018\/10\/imagens-blog-curante-1300x650.jpg\" class=\"attachment-large size-large\" alt=\"\" decoding=\"async\" srcset=\"https:\/\/curante.net\/wp-content\/uploads\/2018\/10\/imagens-blog-curante-1300x650.jpg 1300w, https:\/\/curante.net\/wp-content\/uploads\/2018\/10\/imagens-blog-curante-400x200.jpg 400w, https:\/\/curante.net\/wp-content\/uploads\/2018\/10\/imagens-blog-curante-768x384.jpg 768w, https:\/\/curante.net\/wp-content\/uploads\/2018\/10\/imagens-blog-curante-1536x768.jpg 1536w, https:\/\/curante.net\/wp-content\/uploads\/2018\/10\/imagens-blog-curante-2048x1024.jpg 2048w, https:\/\/curante.net\/wp-content\/uploads\/2018\/10\/imagens-blog-curante-430x215.jpg 430w, https:\/\/curante.net\/wp-content\/uploads\/2018\/10\/imagens-blog-curante-700x350.jpg 700w, https:\/\/curante.net\/wp-content\/uploads\/2018\/10\/imagens-blog-curante-150x75.jpg 150w\" sizes=\"(max-width: 1300px) 100vw, 1300px\" \/>\t\t\t\t<\/div>\n\t\t\t\t\t\t\t\t\t\t\t\t\t<div class=\"wd-post-date wd-style-with-bg\">\n\t\t\t\t<span class=\"post-date-day\">\n\t\t\t\t\t26\t\t\t\t<\/span>\n\t\t\t\t<span class=\"post-date-month\">\n\t\t\t\t\tdez\t\t\t\t<\/span>\n\t\t\t<\/div>\n\t\t\t\t\t\t\t\t\t\t\t<a class=\"wd-post-link wd-fill\" href=\"https:\/\/curante.net\/menopausa-entenda-as-mudancas-e-como-manter-sua-vitalidade\/\" rel=\"bookmark\" aria-label=\"Link no post Menopausa: Entenda as Mudan\u00e7as e Como Manter sua Vitalidade\"><\/a>\n\t\t\t\t\t<\/div>\n\n\t\t<div class=\"wd-post-content\">\n\t\t\t<div class=\"wd-post-content-inner wd-scroll\">\n\t\t\t\t\t\t\t\t\t\t\t\t\t<h3 class=\"wd-post-title wd-entities-title title post-title\">\n\t\t\t\t\t\t<a href=\"https:\/\/curante.net\/menopausa-entenda-as-mudancas-e-como-manter-sua-vitalidade\/\" rel=\"bookmark\">\n\t\t\t\t\t\t\tMenopausa: Entenda as Mudan\u00e7as e Como Manter sua Vitalidade\t\t\t\t\t\t<\/a>\n\t\t\t\t\t<\/h3>\n\t\t\t\t\t\t\t\t\t\t\t\t\t<div class=\"wd-post-excerpt wd-scroll-content\">\n\t\t\t\t\t\t\t\t\t\t\t\t\tA menopausa \u00e9 uma transi\u00e7\u00e3o natural e significativa na vida da mulher, marcando o encerramento do ciclo reprodutivo. No entanto, mais do que o fim de uma etapa, ela representa o in\u00edcio de um novo cap\u00edtulo que exige cuidados espec\u00edficos...\t\t\t\t\t\t\t\t\t\t\t<\/div>\n\t\t\t\t\t\t\t<\/div>\n\t\t\t\t\t\t\t\t\t\t\t\t<div class=\"wd-post-read-more wd-style-btn\">\n\t\t\t\t\t\t<a class=\" btn\" href=\"https:\/\/curante.net\/menopausa-entenda-as-mudancas-e-como-manter-sua-vitalidade\/\">Leia Mais<\/a>\t\t\t\t\t<\/div>\n\t\t\t\t\t\t\t\t\t<\/div>\n\t<\/div>\n<\/article>\n\t\t\t\t\t\t\t\t\t\t\t\n<article id=\"post-1214\" class=\"wd-post blog-design-list blog-post-loop blog-style-flat post-1214 post type-post status-publish format-standard has-post-thumbnail hentry category-saude category-suplementos\">\n\t<div class=\"wd-post-inner\">\n\t\t<div class=\"wd-post-thumb\">\n\t\t\t\t\t\t\t<div class=\"wd-post-img\">\n\t\t\t\t\t<img width=\"1300\" height=\"650\" src=\"https:\/\/curante.net\/wp-content\/uploads\/2019\/09\/vitamina-d_curante_banner-1-1300x650.jpg\" class=\"attachment-large size-large\" alt=\"\" decoding=\"async\" srcset=\"https:\/\/curante.net\/wp-content\/uploads\/2019\/09\/vitamina-d_curante_banner-1-1300x650.jpg 1300w, https:\/\/curante.net\/wp-content\/uploads\/2019\/09\/vitamina-d_curante_banner-1-400x200.jpg 400w, https:\/\/curante.net\/wp-content\/uploads\/2019\/09\/vitamina-d_curante_banner-1-768x384.jpg 768w, https:\/\/curante.net\/wp-content\/uploads\/2019\/09\/vitamina-d_curante_banner-1-1536x768.jpg 1536w, https:\/\/curante.net\/wp-content\/uploads\/2019\/09\/vitamina-d_curante_banner-1-2048x1024.jpg 2048w, https:\/\/curante.net\/wp-content\/uploads\/2019\/09\/vitamina-d_curante_banner-1-430x215.jpg 430w, https:\/\/curante.net\/wp-content\/uploads\/2019\/09\/vitamina-d_curante_banner-1-700x350.jpg 700w, https:\/\/curante.net\/wp-content\/uploads\/2019\/09\/vitamina-d_curante_banner-1-150x75.jpg 150w\" sizes=\"(max-width: 1300px) 100vw, 1300px\" \/>\t\t\t\t<\/div>\n\t\t\t\t\t\t\t\t\t\t\t\t\t<div class=\"wd-post-date wd-style-with-bg\">\n\t\t\t\t<span class=\"post-date-day\">\n\t\t\t\t\t26\t\t\t\t<\/span>\n\t\t\t\t<span class=\"post-date-month\">\n\t\t\t\t\tdez\t\t\t\t<\/span>\n\t\t\t<\/div>\n\t\t\t\t\t\t\t\t\t\t\t<a class=\"wd-post-link wd-fill\" href=\"https:\/\/curante.net\/aprenda-a-identificar-a-falta-de-vitamina-d-no-organismo-2\/\" rel=\"bookmark\" aria-label=\"Link no post Como saber se o seu corpo est\u00e1 pedindo Vitamina D?\"><\/a>\n\t\t\t\t\t<\/div>\n\n\t\t<div class=\"wd-post-content\">\n\t\t\t<div class=\"wd-post-content-inner wd-scroll\">\n\t\t\t\t\t\t\t\t\t\t\t\t\t<h3 class=\"wd-post-title wd-entities-title title post-title\">\n\t\t\t\t\t\t<a href=\"https:\/\/curante.net\/aprenda-a-identificar-a-falta-de-vitamina-d-no-organismo-2\/\" rel=\"bookmark\">\n\t\t\t\t\t\t\tComo saber se o seu corpo est\u00e1 pedindo Vitamina D?\t\t\t\t\t\t<\/a>\n\t\t\t\t\t<\/h3>\n\t\t\t\t\t\t\t\t\t\t\t\t\t<div class=\"wd-post-excerpt wd-scroll-content\">\n\t\t\t\t\t\t\t\t\t\t\t\t\tVoc\u00ea j\u00e1 sentiu aquele cansa\u00e7o que n\u00e3o passa nem depois de uma boa noite de sono? Ou talvez tenha notado que qualquer resfriado parece \"pegar\" voc\u00ea com mais facilidade ultimamente? Muitas vezes, a resposta para esses desconfortos n\u00e3o est\u00e1 no...\t\t\t\t\t\t\t\t\t\t\t<\/div>\n\t\t\t\t\t\t\t<\/div>\n\t\t\t\t\t\t\t\t\t\t\t\t<div class=\"wd-post-read-more wd-style-btn\">\n\t\t\t\t\t\t<a class=\" btn\" href=\"https:\/\/curante.net\/aprenda-a-identificar-a-falta-de-vitamina-d-no-organismo-2\/\">Leia Mais<\/a>\t\t\t\t\t<\/div>\n\t\t\t\t\t\t\t\t\t<\/div>\n\t<\/div>\n<\/article>\n\t\t\t\t\t\t\t\t\t\t\t\n<article id=\"post-559\" class=\"wd-post blog-design-list blog-post-loop blog-style-flat post-559 post type-post status-publish format-standard has-post-thumbnail hentry category-dicas category-saude\">\n\t<div class=\"wd-post-inner\">\n\t\t<div class=\"wd-post-thumb\">\n\t\t\t\t\t\t\t<div class=\"wd-post-img\">\n\t\t\t\t\t<img width=\"1300\" height=\"650\" src=\"https:\/\/curante.net\/wp-content\/uploads\/2019\/08\/habitos-saudaveis_blog-1300x650.jpg\" class=\"attachment-large size-large\" alt=\"\" decoding=\"async\" srcset=\"https:\/\/curante.net\/wp-content\/uploads\/2019\/08\/habitos-saudaveis_blog-1300x650.jpg 1300w, https:\/\/curante.net\/wp-content\/uploads\/2019\/08\/habitos-saudaveis_blog-400x200.jpg 400w, https:\/\/curante.net\/wp-content\/uploads\/2019\/08\/habitos-saudaveis_blog-768x384.jpg 768w, https:\/\/curante.net\/wp-content\/uploads\/2019\/08\/habitos-saudaveis_blog-1536x768.jpg 1536w, https:\/\/curante.net\/wp-content\/uploads\/2019\/08\/habitos-saudaveis_blog-2048x1024.jpg 2048w, https:\/\/curante.net\/wp-content\/uploads\/2019\/08\/habitos-saudaveis_blog-430x215.jpg 430w, https:\/\/curante.net\/wp-content\/uploads\/2019\/08\/habitos-saudaveis_blog-700x350.jpg 700w, https:\/\/curante.net\/wp-content\/uploads\/2019\/08\/habitos-saudaveis_blog-150x75.jpg 150w\" sizes=\"(max-width: 1300px) 100vw, 1300px\" \/>\t\t\t\t<\/div>\n\t\t\t\t\t\t\t\t\t\t\t\t\t<div class=\"wd-post-date wd-style-with-bg\">\n\t\t\t\t<span class=\"post-date-day\">\n\t\t\t\t\t23\t\t\t\t<\/span>\n\t\t\t\t<span class=\"post-date-month\">\n\t\t\t\t\tdez\t\t\t\t<\/span>\n\t\t\t<\/div>\n\t\t\t\t\t\t\t\t\t\t\t<a class=\"wd-post-link wd-fill\" href=\"https:\/\/curante.net\/habitos-saudaveis\/\" rel=\"bookmark\" aria-label=\"Link no post Conhe\u00e7a 5 h\u00e1bitos saud\u00e1veis que v\u00e3o mudar a sua vida\"><\/a>\n\t\t\t\t\t<\/div>\n\n\t\t<div class=\"wd-post-content\">\n\t\t\t<div class=\"wd-post-content-inner wd-scroll\">\n\t\t\t\t\t\t\t\t\t\t\t\t\t<h3 class=\"wd-post-title wd-entities-title title post-title\">\n\t\t\t\t\t\t<a href=\"https:\/\/curante.net\/habitos-saudaveis\/\" rel=\"bookmark\">\n\t\t\t\t\t\t\tConhe\u00e7a 5 h\u00e1bitos saud\u00e1veis que v\u00e3o mudar a sua vida\t\t\t\t\t\t<\/a>\n\t\t\t\t\t<\/h3>\n\t\t\t\t\t\t\t\t\t\t\t\t\t<div class=\"wd-post-excerpt wd-scroll-content\">\n\t\t\t\t\t\t\t\t\t\t\t\t\tVoc\u00ea sabia que manter um conjunto de h\u00e1bitos saud\u00e1veis pode, n\u00e3o apenas melhorar sua qualidade de vida, mas tamb\u00e9m\u00a0fortalecer seu organismo como um todo e prevenir doen\u00e7as?\r\n1. Beba bastante \u00e1gua\r\nA maior parte do corpo humano \u00e9 composto por \u00e1gua, ela...\t\t\t\t\t\t\t\t\t\t\t<\/div>\n\t\t\t\t\t\t\t<\/div>\n\t\t\t\t\t\t\t\t\t\t\t\t<div class=\"wd-post-read-more wd-style-btn\">\n\t\t\t\t\t\t<a class=\" btn\" href=\"https:\/\/curante.net\/habitos-saudaveis\/\">Leia Mais<\/a>\t\t\t\t\t<\/div>\n\t\t\t\t\t\t\t\t\t<\/div>\n\t<\/div>\n<\/article>\n\t\t\t\t\t\t\t\t\t\t\t\n<article id=\"post-18067\" class=\"wd-post blog-design-list blog-post-loop blog-style-flat post-18067 post type-post status-publish format-standard has-post-thumbnail hentry category-cuidados-com-a-pele category-saude\">\n\t<div class=\"wd-post-inner\">\n\t\t<div class=\"wd-post-thumb\">\n\t\t\t\t\t\t\t<div class=\"wd-post-img\">\n\t\t\t\t\t<img width=\"1300\" height=\"650\" src=\"https:\/\/curante.net\/wp-content\/uploads\/2025\/12\/belezaoleo_blog-1300x650.jpg\" class=\"attachment-large size-large\" alt=\"\" decoding=\"async\" srcset=\"https:\/\/curante.net\/wp-content\/uploads\/2025\/12\/belezaoleo_blog-1300x650.jpg 1300w, https:\/\/curante.net\/wp-content\/uploads\/2025\/12\/belezaoleo_blog-400x200.jpg 400w, https:\/\/curante.net\/wp-content\/uploads\/2025\/12\/belezaoleo_blog-768x384.jpg 768w, https:\/\/curante.net\/wp-content\/uploads\/2025\/12\/belezaoleo_blog-1536x768.jpg 1536w, https:\/\/curante.net\/wp-content\/uploads\/2025\/12\/belezaoleo_blog-2048x1024.jpg 2048w, https:\/\/curante.net\/wp-content\/uploads\/2025\/12\/belezaoleo_blog-430x215.jpg 430w, https:\/\/curante.net\/wp-content\/uploads\/2025\/12\/belezaoleo_blog-700x350.jpg 700w, https:\/\/curante.net\/wp-content\/uploads\/2025\/12\/belezaoleo_blog-150x75.jpg 150w\" sizes=\"(max-width: 1300px) 100vw, 1300px\" \/>\t\t\t\t<\/div>\n\t\t\t\t\t\t\t\t\t\t\t\t\t<div class=\"wd-post-date wd-style-with-bg\">\n\t\t\t\t<span class=\"post-date-day\">\n\t\t\t\t\t23\t\t\t\t<\/span>\n\t\t\t\t<span class=\"post-date-month\">\n\t\t\t\t\tdez\t\t\t\t<\/span>\n\t\t\t<\/div>\n\t\t\t\t\t\t\t\t\t\t\t<a class=\"wd-post-link wd-fill\" href=\"https:\/\/curante.net\/o-brilho-natural-de-uma-pele-profundamente-nutrida\/\" rel=\"bookmark\" aria-label=\"Link no post O Brilho Natural de uma Pele Profundamente Nutrida\"><\/a>\n\t\t\t\t\t<\/div>\n\n\t\t<div class=\"wd-post-content\">\n\t\t\t<div class=\"wd-post-content-inner wd-scroll\">\n\t\t\t\t\t\t\t\t\t\t\t\t\t<h3 class=\"wd-post-title wd-entities-title title post-title\">\n\t\t\t\t\t\t<a href=\"https:\/\/curante.net\/o-brilho-natural-de-uma-pele-profundamente-nutrida\/\" rel=\"bookmark\">\n\t\t\t\t\t\t\tO Brilho Natural de uma Pele Profundamente Nutrida\t\t\t\t\t\t<\/a>\n\t\t\t\t\t<\/h3>\n\t\t\t\t\t\t\t\t\t\t\t\t\t<div class=\"wd-post-excerpt wd-scroll-content\">\n\t\t\t\t\t\t\t\t\t\t\t\t\tO segredo da eleg\u00e2ncia \u00e9 o brilho natural de uma pele profundamente nutrida, como resultado, a beleza em 2025 vive uma revolu\u00e7\u00e3o de \"menos \u00e9 mais\". As not\u00edcias mais recentes do setor destacam conceitos como a \"Quiet Beauty\" (beleza silenciosa)...\t\t\t\t\t\t\t\t\t\t\t<\/div>\n\t\t\t\t\t\t\t<\/div>\n\t\t\t\t\t\t\t\t\t\t\t\t<div class=\"wd-post-read-more wd-style-btn\">\n\t\t\t\t\t\t<a class=\" btn\" href=\"https:\/\/curante.net\/o-brilho-natural-de-uma-pele-profundamente-nutrida\/\">Leia Mais<\/a>\t\t\t\t\t<\/div>\n\t\t\t\t\t\t\t\t\t<\/div>\n\t<\/div>\n<\/article>\n\t\t\t\t\t\t\t\t\t\t\t\n<article id=\"post-18048\" class=\"wd-post blog-design-list blog-post-loop blog-style-flat post-18048 post type-post status-publish format-standard has-post-thumbnail hentry category-emagrecimento category-saude\">\n\t<div class=\"wd-post-inner\">\n\t\t<div class=\"wd-post-thumb\">\n\t\t\t\t\t\t\t<div class=\"wd-post-img\">\n\t\t\t\t\t<img width=\"1300\" height=\"650\" src=\"https:\/\/curante.net\/wp-content\/uploads\/2025\/12\/emagrecimento_blog-1300x650.jpg\" class=\"attachment-large size-large\" alt=\"\" decoding=\"async\" srcset=\"https:\/\/curante.net\/wp-content\/uploads\/2025\/12\/emagrecimento_blog-1300x650.jpg 1300w, https:\/\/curante.net\/wp-content\/uploads\/2025\/12\/emagrecimento_blog-400x200.jpg 400w, https:\/\/curante.net\/wp-content\/uploads\/2025\/12\/emagrecimento_blog-768x384.jpg 768w, https:\/\/curante.net\/wp-content\/uploads\/2025\/12\/emagrecimento_blog-1536x768.jpg 1536w, https:\/\/curante.net\/wp-content\/uploads\/2025\/12\/emagrecimento_blog-2048x1024.jpg 2048w, https:\/\/curante.net\/wp-content\/uploads\/2025\/12\/emagrecimento_blog-430x215.jpg 430w, https:\/\/curante.net\/wp-content\/uploads\/2025\/12\/emagrecimento_blog-700x350.jpg 700w, https:\/\/curante.net\/wp-content\/uploads\/2025\/12\/emagrecimento_blog-150x75.jpg 150w\" sizes=\"(max-width: 1300px) 100vw, 1300px\" \/>\t\t\t\t<\/div>\n\t\t\t\t\t\t\t\t\t\t\t\t\t<div class=\"wd-post-date wd-style-with-bg\">\n\t\t\t\t<span class=\"post-date-day\">\n\t\t\t\t\t23\t\t\t\t<\/span>\n\t\t\t\t<span class=\"post-date-month\">\n\t\t\t\t\tdez\t\t\t\t<\/span>\n\t\t\t<\/div>\n\t\t\t\t\t\t\t\t\t\t\t<a class=\"wd-post-link wd-fill\" href=\"https:\/\/curante.net\/o-aliado-natural-para-reduzir-medidas-e-transformar-sua-saude\/\" rel=\"bookmark\" aria-label=\"Link no post O aliado natural para reduzir medidas e transformar sua sa\u00fade\"><\/a>\n\t\t\t\t\t<\/div>\n\n\t\t<div class=\"wd-post-content\">\n\t\t\t<div class=\"wd-post-content-inner wd-scroll\">\n\t\t\t\t\t\t\t\t\t\t\t\t\t<h3 class=\"wd-post-title wd-entities-title title post-title\">\n\t\t\t\t\t\t<a href=\"https:\/\/curante.net\/o-aliado-natural-para-reduzir-medidas-e-transformar-sua-saude\/\" rel=\"bookmark\">\n\t\t\t\t\t\t\tO aliado natural para reduzir medidas e transformar sua sa\u00fade\t\t\t\t\t\t<\/a>\n\t\t\t\t\t<\/h3>\n\t\t\t\t\t\t\t\t\t\t\t\t\t<div class=\"wd-post-excerpt wd-scroll-content\">\n\t\t\t\t\t\t\t\t\t\t\t\t\tO cen\u00e1rio da sa\u00fade no Brasil em 2025 traz alertas importantes, mas tamb\u00e9m novas esperan\u00e7as no combate \u00e0 obesidade. Dados recentes do Atlas Mundial da Obesidade 2025 revelam que quase 70% da popula\u00e7\u00e3o brasileira j\u00e1 apresenta excesso de peso, sendo...\t\t\t\t\t\t\t\t\t\t\t<\/div>\n\t\t\t\t\t\t\t<\/div>\n\t\t\t\t\t\t\t\t\t\t\t\t<div class=\"wd-post-read-more wd-style-btn\">\n\t\t\t\t\t\t<a class=\" btn\" href=\"https:\/\/curante.net\/o-aliado-natural-para-reduzir-medidas-e-transformar-sua-saude\/\">Leia Mais<\/a>\t\t\t\t\t<\/div>\n\t\t\t\t\t\t\t\t\t<\/div>\n\t<\/div>\n<\/article>\n\t\t\t\t\t\n\t\t\t\t\t","status":"no-more-posts","nextPage":"?woo_ajax=1","currentPage":"https:\/\/curante.net\/dicas-de-saude\/page\/9"}