
			
				

					
				

			
		{"items":"\n\t\t\t\t\t\t\t\t\t\t\t\n<article id=\"post-18263\" class=\"wd-post blog-design-list blog-post-loop blog-style-flat post-18263 post type-post status-publish format-standard has-post-thumbnail hentry category-novidades category-sobre-nos\">\n\t<div class=\"wd-post-inner\">\n\t\t<div class=\"wd-post-thumb\">\n\t\t\t\t\t\t\t<div class=\"wd-post-img\">\n\t\t\t\t\t<img width=\"1300\" height=\"650\" src=\"https:\/\/curante.net\/wp-content\/uploads\/2025\/12\/imagens-blog-curante-6-1300x650.jpg\" class=\"attachment-large size-large\" alt=\"\" decoding=\"async\" srcset=\"https:\/\/curante.net\/wp-content\/uploads\/2025\/12\/imagens-blog-curante-6-1300x650.jpg 1300w, https:\/\/curante.net\/wp-content\/uploads\/2025\/12\/imagens-blog-curante-6-400x200.jpg 400w, https:\/\/curante.net\/wp-content\/uploads\/2025\/12\/imagens-blog-curante-6-768x384.jpg 768w, https:\/\/curante.net\/wp-content\/uploads\/2025\/12\/imagens-blog-curante-6-1536x768.jpg 1536w, https:\/\/curante.net\/wp-content\/uploads\/2025\/12\/imagens-blog-curante-6-2048x1024.jpg 2048w, https:\/\/curante.net\/wp-content\/uploads\/2025\/12\/imagens-blog-curante-6-430x215.jpg 430w, https:\/\/curante.net\/wp-content\/uploads\/2025\/12\/imagens-blog-curante-6-700x350.jpg 700w, https:\/\/curante.net\/wp-content\/uploads\/2025\/12\/imagens-blog-curante-6-150x75.jpg 150w\" sizes=\"(max-width: 1300px) 100vw, 1300px\" \/>\t\t\t\t<\/div>\n\t\t\t\t\t\t\t\t\t\t\t\t\t<link rel=\"stylesheet\" id=\"wd-post-types-mod-date-style-bg-css\" href=\"https:\/\/curante.net\/wp-content\/themes\/woodmart\/css\/parts\/post-types-mod-date-style-bg.min.css?ver=8.2.7\" type=\"text\/css\" media=\"all\" \/> \t\t\t\t\t\t<div class=\"wd-post-date wd-style-with-bg\">\n\t\t\t\t<span class=\"post-date-day\">\n\t\t\t\t\t30\t\t\t\t<\/span>\n\t\t\t\t<span class=\"post-date-month\">\n\t\t\t\t\tdez\t\t\t\t<\/span>\n\t\t\t<\/div>\n\t\t\t\t\t\t\t\t\t\t\t<a class=\"wd-post-link wd-fill\" href=\"https:\/\/curante.net\/saude-sob-medida-por-que-a-manipulacao-e-a-melhor-escolha-para-voce\/\" rel=\"bookmark\" aria-label=\"Link no post Sa\u00fade Sob Medida: Por que a Manipula\u00e7\u00e3o \u00e9 a Melhor Escolha para Voc\u00ea?\"><\/a>\n\t\t\t\t\t<\/div>\n\n\t\t<div class=\"wd-post-content\">\n\t\t\t<div class=\"wd-post-content-inner wd-scroll\">\n\t\t\t\t\t\t\t\t\t\t\t\t\t<h3 class=\"wd-post-title wd-entities-title title post-title\">\n\t\t\t\t\t\t<a href=\"https:\/\/curante.net\/saude-sob-medida-por-que-a-manipulacao-e-a-melhor-escolha-para-voce\/\" rel=\"bookmark\">\n\t\t\t\t\t\t\tSa\u00fade Sob Medida: Por que a Manipula\u00e7\u00e3o \u00e9 a Melhor Escolha para Voc\u00ea?\t\t\t\t\t\t<\/a>\n\t\t\t\t\t<\/h3>\n\t\t\t\t\t\t\t\t\t\t\t\t\t<div class=\"wd-post-excerpt wd-scroll-content\">\n\t\t\t\t\t\t\t\t\t\t\t\t\tCuidar da sa\u00fade n\u00e3o precisa ser algo r\u00edgido ou padronizado. Muitas vezes, ao comprarmos um medicamento pronto na farm\u00e1cia comum, levamos para casa componentes que nosso corpo n\u00e3o precisa, ou pior, que n\u00e3o tolera.\r\nNa Curante, com nossa tradi\u00e7\u00e3o de 23...\t\t\t\t\t\t\t\t\t\t\t<\/div>\n\t\t\t\t\t\t\t<\/div>\n\t\t\t\t\t\t\t\t\t\t\t\t<div class=\"wd-post-read-more wd-style-btn\">\n\t\t\t\t\t\t<a class=\" btn\" href=\"https:\/\/curante.net\/saude-sob-medida-por-que-a-manipulacao-e-a-melhor-escolha-para-voce\/\">Leia Mais<\/a>\t\t\t\t\t<\/div>\n\t\t\t\t\t\t\t\t\t<\/div>\n\t<\/div>\n<\/article>\n\t\t\t\t\t\t\t\t\t\t\t\n<article id=\"post-18254\" class=\"wd-post blog-design-list blog-post-loop blog-style-flat post-18254 post type-post status-publish format-standard has-post-thumbnail hentry category-dicas category-saude\">\n\t<div class=\"wd-post-inner\">\n\t\t<div class=\"wd-post-thumb\">\n\t\t\t\t\t\t\t<div class=\"wd-post-img\">\n\t\t\t\t\t<img width=\"1300\" height=\"622\" src=\"https:\/\/curante.net\/wp-content\/uploads\/2025\/12\/oleo-essencial-1300x622.jpg\" class=\"attachment-large size-large\" alt=\"\" decoding=\"async\" srcset=\"https:\/\/curante.net\/wp-content\/uploads\/2025\/12\/oleo-essencial-1300x622.jpg 1300w, https:\/\/curante.net\/wp-content\/uploads\/2025\/12\/oleo-essencial-400x191.jpg 400w, https:\/\/curante.net\/wp-content\/uploads\/2025\/12\/oleo-essencial-768x367.jpg 768w, https:\/\/curante.net\/wp-content\/uploads\/2025\/12\/oleo-essencial-430x206.jpg 430w, https:\/\/curante.net\/wp-content\/uploads\/2025\/12\/oleo-essencial-700x335.jpg 700w, https:\/\/curante.net\/wp-content\/uploads\/2025\/12\/oleo-essencial-150x72.jpg 150w, https:\/\/curante.net\/wp-content\/uploads\/2025\/12\/oleo-essencial.jpg 1472w\" sizes=\"(max-width: 1300px) 100vw, 1300px\" \/>\t\t\t\t<\/div>\n\t\t\t\t\t\t\t\t\t\t\t\t\t<div class=\"wd-post-date wd-style-with-bg\">\n\t\t\t\t<span class=\"post-date-day\">\n\t\t\t\t\t30\t\t\t\t<\/span>\n\t\t\t\t<span class=\"post-date-month\">\n\t\t\t\t\tdez\t\t\t\t<\/span>\n\t\t\t<\/div>\n\t\t\t\t\t\t\t\t\t\t\t<a class=\"wd-post-link wd-fill\" href=\"https:\/\/curante.net\/o-poder-dos-oleos-essenciais-como-a-aromaterapia-transforma-seu-bem-estar-e-alivia-o-estresse\/\" rel=\"bookmark\" aria-label=\"Link no post O Poder dos \u00d3leos Essenciais: Como a Aromaterapia Transforma seu Bem-Estar e Alivia o Estresse\"><\/a>\n\t\t\t\t\t<\/div>\n\n\t\t<div class=\"wd-post-content\">\n\t\t\t<div class=\"wd-post-content-inner wd-scroll\">\n\t\t\t\t\t\t\t\t\t\t\t\t\t<h3 class=\"wd-post-title wd-entities-title title post-title\">\n\t\t\t\t\t\t<a href=\"https:\/\/curante.net\/o-poder-dos-oleos-essenciais-como-a-aromaterapia-transforma-seu-bem-estar-e-alivia-o-estresse\/\" rel=\"bookmark\">\n\t\t\t\t\t\t\tO Poder dos \u00d3leos Essenciais: Como a Aromaterapia Transforma seu Bem-Estar e Alivia o Estresse\t\t\t\t\t\t<\/a>\n\t\t\t\t\t<\/h3>\n\t\t\t\t\t\t\t\t\t\t\t\t\t<div class=\"wd-post-excerpt wd-scroll-content\">\n\t\t\t\t\t\t\t\t\t\t\t\t\tVoc\u00ea j\u00e1 sentiu o aroma de uma flor ou de uma fruta c\u00edtrica e, instantaneamente, sentiu uma mudan\u00e7a no seu humor? Isso acontece porque os \u00f3leos essenciais s\u00e3o compostos naturais ultraconcentrados extra\u00eddos de plantas que possuem uma comunica\u00e7\u00e3o direta com...\t\t\t\t\t\t\t\t\t\t\t<\/div>\n\t\t\t\t\t\t\t<\/div>\n\t\t\t\t\t\t\t\t\t\t\t\t<div class=\"wd-post-read-more wd-style-btn\">\n\t\t\t\t\t\t<a class=\" btn\" href=\"https:\/\/curante.net\/o-poder-dos-oleos-essenciais-como-a-aromaterapia-transforma-seu-bem-estar-e-alivia-o-estresse\/\">Leia Mais<\/a>\t\t\t\t\t<\/div>\n\t\t\t\t\t\t\t\t\t<\/div>\n\t<\/div>\n<\/article>\n\t\t\t\t\t\t\t\t\t\t\t\n<article id=\"post-18246\" class=\"wd-post blog-design-list blog-post-loop blog-style-flat post-18246 post type-post status-publish format-standard has-post-thumbnail hentry category-cuidados-com-a-pele category-saude\">\n\t<div class=\"wd-post-inner\">\n\t\t<div class=\"wd-post-thumb\">\n\t\t\t\t\t\t\t<div class=\"wd-post-img\">\n\t\t\t\t\t<img width=\"1300\" height=\"650\" src=\"https:\/\/curante.net\/wp-content\/uploads\/2025\/12\/imagens-blog-curante-4-1300x650.jpg\" class=\"attachment-large size-large\" alt=\"\" decoding=\"async\" srcset=\"https:\/\/curante.net\/wp-content\/uploads\/2025\/12\/imagens-blog-curante-4-1300x650.jpg 1300w, https:\/\/curante.net\/wp-content\/uploads\/2025\/12\/imagens-blog-curante-4-400x200.jpg 400w, https:\/\/curante.net\/wp-content\/uploads\/2025\/12\/imagens-blog-curante-4-768x384.jpg 768w, https:\/\/curante.net\/wp-content\/uploads\/2025\/12\/imagens-blog-curante-4-1536x768.jpg 1536w, https:\/\/curante.net\/wp-content\/uploads\/2025\/12\/imagens-blog-curante-4-2048x1024.jpg 2048w, https:\/\/curante.net\/wp-content\/uploads\/2025\/12\/imagens-blog-curante-4-430x215.jpg 430w, https:\/\/curante.net\/wp-content\/uploads\/2025\/12\/imagens-blog-curante-4-700x350.jpg 700w, https:\/\/curante.net\/wp-content\/uploads\/2025\/12\/imagens-blog-curante-4-150x75.jpg 150w\" sizes=\"(max-width: 1300px) 100vw, 1300px\" \/>\t\t\t\t<\/div>\n\t\t\t\t\t\t\t\t\t\t\t\t\t<div class=\"wd-post-date wd-style-with-bg\">\n\t\t\t\t<span class=\"post-date-day\">\n\t\t\t\t\t30\t\t\t\t<\/span>\n\t\t\t\t<span class=\"post-date-month\">\n\t\t\t\t\tdez\t\t\t\t<\/span>\n\t\t\t<\/div>\n\t\t\t\t\t\t\t\t\t\t\t<a class=\"wd-post-link wd-fill\" href=\"https:\/\/curante.net\/regeneracao-o-novo-segredo-para-uma-pele-saudavel-e-com-vico-natural\/\" rel=\"bookmark\" aria-label=\"Link no post Regenera\u00e7\u00e3o: O Novo Segredo para uma Pele Saud\u00e1vel e com Vi\u00e7o Natural\"><\/a>\n\t\t\t\t\t<\/div>\n\n\t\t<div class=\"wd-post-content\">\n\t\t\t<div class=\"wd-post-content-inner wd-scroll\">\n\t\t\t\t\t\t\t\t\t\t\t\t\t<h3 class=\"wd-post-title wd-entities-title title post-title\">\n\t\t\t\t\t\t<a href=\"https:\/\/curante.net\/regeneracao-o-novo-segredo-para-uma-pele-saudavel-e-com-vico-natural\/\" rel=\"bookmark\">\n\t\t\t\t\t\t\tRegenera\u00e7\u00e3o: O Novo Segredo para uma Pele Saud\u00e1vel e com Vi\u00e7o Natural\t\t\t\t\t\t<\/a>\n\t\t\t\t\t<\/h3>\n\t\t\t\t\t\t\t\t\t\t\t\t\t<div class=\"wd-post-excerpt wd-scroll-content\">\n\t\t\t\t\t\t\t\t\t\t\t\t\tVoc\u00ea j\u00e1 sentiu que sua pele precisa de algo a mais do que apenas um hidratante comum? Com o passar do tempo, ou ap\u00f3s procedimentos como peelings e lasers, nossa pele pede um \"reset\", um momento de pausa para se...\t\t\t\t\t\t\t\t\t\t\t<\/div>\n\t\t\t\t\t\t\t<\/div>\n\t\t\t\t\t\t\t\t\t\t\t\t<div class=\"wd-post-read-more wd-style-btn\">\n\t\t\t\t\t\t<a class=\" btn\" href=\"https:\/\/curante.net\/regeneracao-o-novo-segredo-para-uma-pele-saudavel-e-com-vico-natural\/\">Leia Mais<\/a>\t\t\t\t\t<\/div>\n\t\t\t\t\t\t\t\t\t<\/div>\n\t<\/div>\n<\/article>\n\t\t\t\t\t\t\t\t\t\t\t\n<article id=\"post-18242\" class=\"wd-post blog-design-list blog-post-loop blog-style-flat post-18242 post type-post status-publish format-standard has-post-thumbnail hentry category-saude category-sono\">\n\t<div class=\"wd-post-inner\">\n\t\t<div class=\"wd-post-thumb\">\n\t\t\t\t\t\t\t<div class=\"wd-post-img\">\n\t\t\t\t\t<img width=\"1300\" height=\"650\" src=\"https:\/\/curante.net\/wp-content\/uploads\/2025\/12\/imagens-blog-curante-3-1300x650.jpg\" class=\"attachment-large size-large\" alt=\"\" decoding=\"async\" srcset=\"https:\/\/curante.net\/wp-content\/uploads\/2025\/12\/imagens-blog-curante-3-1300x650.jpg 1300w, https:\/\/curante.net\/wp-content\/uploads\/2025\/12\/imagens-blog-curante-3-400x200.jpg 400w, https:\/\/curante.net\/wp-content\/uploads\/2025\/12\/imagens-blog-curante-3-768x384.jpg 768w, https:\/\/curante.net\/wp-content\/uploads\/2025\/12\/imagens-blog-curante-3-1536x768.jpg 1536w, https:\/\/curante.net\/wp-content\/uploads\/2025\/12\/imagens-blog-curante-3-2048x1024.jpg 2048w, https:\/\/curante.net\/wp-content\/uploads\/2025\/12\/imagens-blog-curante-3-430x215.jpg 430w, https:\/\/curante.net\/wp-content\/uploads\/2025\/12\/imagens-blog-curante-3-700x350.jpg 700w, https:\/\/curante.net\/wp-content\/uploads\/2025\/12\/imagens-blog-curante-3-150x75.jpg 150w\" sizes=\"(max-width: 1300px) 100vw, 1300px\" \/>\t\t\t\t<\/div>\n\t\t\t\t\t\t\t\t\t\t\t\t\t<div class=\"wd-post-date wd-style-with-bg\">\n\t\t\t\t<span class=\"post-date-day\">\n\t\t\t\t\t30\t\t\t\t<\/span>\n\t\t\t\t<span class=\"post-date-month\">\n\t\t\t\t\tdez\t\t\t\t<\/span>\n\t\t\t<\/div>\n\t\t\t\t\t\t\t\t\t\t\t<a class=\"wd-post-link wd-fill\" href=\"https:\/\/curante.net\/noites-em-claro-entenda-a-dificuldade-de-dormir-e-como-recuperar-o-descanso-frequente\/\" rel=\"bookmark\" aria-label=\"Link no post Noites em Claro? Entenda a Dificuldade de Dormir e Como Recuperar o Descanso Frequente\"><\/a>\n\t\t\t\t\t<\/div>\n\n\t\t<div class=\"wd-post-content\">\n\t\t\t<div class=\"wd-post-content-inner wd-scroll\">\n\t\t\t\t\t\t\t\t\t\t\t\t\t<h3 class=\"wd-post-title wd-entities-title title post-title\">\n\t\t\t\t\t\t<a href=\"https:\/\/curante.net\/noites-em-claro-entenda-a-dificuldade-de-dormir-e-como-recuperar-o-descanso-frequente\/\" rel=\"bookmark\">\n\t\t\t\t\t\t\tNoites em Claro? Entenda a Dificuldade de Dormir e Como Recuperar o Descanso Frequente\t\t\t\t\t\t<\/a>\n\t\t\t\t\t<\/h3>\n\t\t\t\t\t\t\t\t\t\t\t\t\t<div class=\"wd-post-excerpt wd-scroll-content\">\n\t\t\t\t\t\t\t\t\t\t\t\t\tO peso de uma noite mal dormida\r\nVoc\u00ea j\u00e1 sentiu que, mesmo ap\u00f3s horas na cama, o seu corpo n\u00e3o descansou? A dificuldade de sono \u00e9 uma queixa crescente nos consult\u00f3rios e conversas de bem-estar. Not\u00edcias recentes apontam que o estilo...\t\t\t\t\t\t\t\t\t\t\t<\/div>\n\t\t\t\t\t\t\t<\/div>\n\t\t\t\t\t\t\t\t\t\t\t\t<div class=\"wd-post-read-more wd-style-btn\">\n\t\t\t\t\t\t<a class=\" btn\" href=\"https:\/\/curante.net\/noites-em-claro-entenda-a-dificuldade-de-dormir-e-como-recuperar-o-descanso-frequente\/\">Leia Mais<\/a>\t\t\t\t\t<\/div>\n\t\t\t\t\t\t\t\t\t<\/div>\n\t<\/div>\n<\/article>\n\t\t\t\t\t\t\t\t\t\t\t\n<article id=\"post-18182\" class=\"wd-post blog-design-list blog-post-loop blog-style-flat post-18182 post type-post status-publish format-standard has-post-thumbnail hentry category-dicas category-saude\">\n\t<div class=\"wd-post-inner\">\n\t\t<div class=\"wd-post-thumb\">\n\t\t\t\t\t\t\t<div class=\"wd-post-img\">\n\t\t\t\t\t<img width=\"1300\" height=\"622\" src=\"https:\/\/curante.net\/wp-content\/uploads\/2025\/12\/intestinal-1300x622.png\" class=\"attachment-large size-large\" alt=\"\" decoding=\"async\" srcset=\"https:\/\/curante.net\/wp-content\/uploads\/2025\/12\/intestinal-1300x622.png 1300w, https:\/\/curante.net\/wp-content\/uploads\/2025\/12\/intestinal-400x191.png 400w, https:\/\/curante.net\/wp-content\/uploads\/2025\/12\/intestinal-768x367.png 768w, https:\/\/curante.net\/wp-content\/uploads\/2025\/12\/intestinal-430x206.png 430w, https:\/\/curante.net\/wp-content\/uploads\/2025\/12\/intestinal-700x335.png 700w, https:\/\/curante.net\/wp-content\/uploads\/2025\/12\/intestinal-150x72.png 150w, https:\/\/curante.net\/wp-content\/uploads\/2025\/12\/intestinal.png 1472w\" sizes=\"(max-width: 1300px) 100vw, 1300px\" \/>\t\t\t\t<\/div>\n\t\t\t\t\t\t\t\t\t\t\t\t\t<div class=\"wd-post-date wd-style-with-bg\">\n\t\t\t\t<span class=\"post-date-day\">\n\t\t\t\t\t29\t\t\t\t<\/span>\n\t\t\t\t<span class=\"post-date-month\">\n\t\t\t\t\tdez\t\t\t\t<\/span>\n\t\t\t<\/div>\n\t\t\t\t\t\t\t\t\t\t\t<a class=\"wd-post-link wd-fill\" href=\"https:\/\/curante.net\/como-fortalecer-sua-barreira-intestinal-e-evitar-a-inflamacao-silenciosa\/\" rel=\"bookmark\" aria-label=\"Link no post Como fortalecer sua barreira intestinal e evitar a inflama\u00e7\u00e3o silenciosa.\"><\/a>\n\t\t\t\t\t<\/div>\n\n\t\t<div class=\"wd-post-content\">\n\t\t\t<div class=\"wd-post-content-inner wd-scroll\">\n\t\t\t\t\t\t\t\t\t\t\t\t\t<h3 class=\"wd-post-title wd-entities-title title post-title\">\n\t\t\t\t\t\t<a href=\"https:\/\/curante.net\/como-fortalecer-sua-barreira-intestinal-e-evitar-a-inflamacao-silenciosa\/\" rel=\"bookmark\">\n\t\t\t\t\t\t\tComo fortalecer sua barreira intestinal e evitar a inflama\u00e7\u00e3o silenciosa.\t\t\t\t\t\t<\/a>\n\t\t\t\t\t<\/h3>\n\t\t\t\t\t\t\t\t\t\t\t\t\t<div class=\"wd-post-excerpt wd-scroll-content\">\n\t\t\t\t\t\t\t\t\t\t\t\t\tVoc\u00ea j\u00e1 sentiu que seu corpo tenta \"falar\" com voc\u00ea atrav\u00e9s de desconfortos abdominais, estufamento ou cansa\u00e7o excessivo? Atualmente, a ci\u00eancia confirma o que j\u00e1 suspeit\u00e1vamos: o nosso intestino \u00e9 o nosso \"segundo c\u00e9rebro\". Cuidar dele n\u00e3o \u00e9 apenas sobre...\t\t\t\t\t\t\t\t\t\t\t<\/div>\n\t\t\t\t\t\t\t<\/div>\n\t\t\t\t\t\t\t\t\t\t\t\t<div class=\"wd-post-read-more wd-style-btn\">\n\t\t\t\t\t\t<a class=\" btn\" href=\"https:\/\/curante.net\/como-fortalecer-sua-barreira-intestinal-e-evitar-a-inflamacao-silenciosa\/\">Leia Mais<\/a>\t\t\t\t\t<\/div>\n\t\t\t\t\t\t\t\t\t<\/div>\n\t<\/div>\n<\/article>\n\t\t\t\t\t\t\t\t\t\t\t\n<article id=\"post-18173\" class=\"wd-post blog-design-list blog-post-loop blog-style-flat post-18173 post type-post status-publish format-standard has-post-thumbnail hentry category-cerebro category-saude\">\n\t<div class=\"wd-post-inner\">\n\t\t<div class=\"wd-post-thumb\">\n\t\t\t\t\t\t\t<div class=\"wd-post-img\">\n\t\t\t\t\t<img width=\"1300\" height=\"650\" src=\"https:\/\/curante.net\/wp-content\/uploads\/2025\/12\/imagens-blog-curante-2-1300x650.jpg\" class=\"attachment-large size-large\" alt=\"\" decoding=\"async\" srcset=\"https:\/\/curante.net\/wp-content\/uploads\/2025\/12\/imagens-blog-curante-2-1300x650.jpg 1300w, https:\/\/curante.net\/wp-content\/uploads\/2025\/12\/imagens-blog-curante-2-400x200.jpg 400w, https:\/\/curante.net\/wp-content\/uploads\/2025\/12\/imagens-blog-curante-2-768x384.jpg 768w, https:\/\/curante.net\/wp-content\/uploads\/2025\/12\/imagens-blog-curante-2-1536x768.jpg 1536w, https:\/\/curante.net\/wp-content\/uploads\/2025\/12\/imagens-blog-curante-2-2048x1024.jpg 2048w, https:\/\/curante.net\/wp-content\/uploads\/2025\/12\/imagens-blog-curante-2-430x215.jpg 430w, https:\/\/curante.net\/wp-content\/uploads\/2025\/12\/imagens-blog-curante-2-700x350.jpg 700w, https:\/\/curante.net\/wp-content\/uploads\/2025\/12\/imagens-blog-curante-2-150x75.jpg 150w\" sizes=\"(max-width: 1300px) 100vw, 1300px\" \/>\t\t\t\t<\/div>\n\t\t\t\t\t\t\t\t\t\t\t\t\t<div class=\"wd-post-date wd-style-with-bg\">\n\t\t\t\t<span class=\"post-date-day\">\n\t\t\t\t\t29\t\t\t\t<\/span>\n\t\t\t\t<span class=\"post-date-month\">\n\t\t\t\t\tdez\t\t\t\t<\/span>\n\t\t\t<\/div>\n\t\t\t\t\t\t\t\t\t\t\t<a class=\"wd-post-link wd-fill\" href=\"https:\/\/curante.net\/o-sistema-eletrico-do-corpo-o-que-causa-a-sensacao-de-choque-nos-nervos\/\" rel=\"bookmark\" aria-label=\"Link no post O sistema el\u00e9trico do corpo: o que causa a sensa\u00e7\u00e3o de &#8220;choque&#8221; nos nervos?\"><\/a>\n\t\t\t\t\t<\/div>\n\n\t\t<div class=\"wd-post-content\">\n\t\t\t<div class=\"wd-post-content-inner wd-scroll\">\n\t\t\t\t\t\t\t\t\t\t\t\t\t<h3 class=\"wd-post-title wd-entities-title title post-title\">\n\t\t\t\t\t\t<a href=\"https:\/\/curante.net\/o-sistema-eletrico-do-corpo-o-que-causa-a-sensacao-de-choque-nos-nervos\/\" rel=\"bookmark\">\n\t\t\t\t\t\t\tO sistema el\u00e9trico do corpo: o que causa a sensa\u00e7\u00e3o de &#8220;choque&#8221; nos nervos?\t\t\t\t\t\t<\/a>\n\t\t\t\t\t<\/h3>\n\t\t\t\t\t\t\t\t\t\t\t\t\t<div class=\"wd-post-excerpt wd-scroll-content\">\n\t\t\t\t\t\t\t\t\t\t\t\t\tVoc\u00ea j\u00e1 sentiu um formigamento que n\u00e3o passa, uma sensa\u00e7\u00e3o de \"choque\" repentino ou uma queima\u00e7\u00e3o nos p\u00e9s e m\u00e3os que parece n\u00e3o ter causa aparente?. Se a resposta for sim, voc\u00ea n\u00e3o est\u00e1 sozinho. Recentemente, o interesse por sa\u00fade...\t\t\t\t\t\t\t\t\t\t\t<\/div>\n\t\t\t\t\t\t\t<\/div>\n\t\t\t\t\t\t\t\t\t\t\t\t<div class=\"wd-post-read-more wd-style-btn\">\n\t\t\t\t\t\t<a class=\" btn\" href=\"https:\/\/curante.net\/o-sistema-eletrico-do-corpo-o-que-causa-a-sensacao-de-choque-nos-nervos\/\">Leia Mais<\/a>\t\t\t\t\t<\/div>\n\t\t\t\t\t\t\t\t\t<\/div>\n\t<\/div>\n<\/article>\n\t\t\t\t\t\t\t\t\t\t\t\n<article id=\"post-18166\" class=\"wd-post blog-design-list blog-post-loop blog-style-flat post-18166 post type-post status-publish format-standard has-post-thumbnail hentry category-esporte category-saude\">\n\t<div class=\"wd-post-inner\">\n\t\t<div class=\"wd-post-thumb\">\n\t\t\t\t\t\t\t<div class=\"wd-post-img\">\n\t\t\t\t\t<img width=\"1300\" height=\"650\" src=\"https:\/\/curante.net\/wp-content\/uploads\/2025\/12\/imagens-blog-curante-1-1300x650.jpg\" class=\"attachment-large size-large\" alt=\"\" decoding=\"async\" srcset=\"https:\/\/curante.net\/wp-content\/uploads\/2025\/12\/imagens-blog-curante-1-1300x650.jpg 1300w, https:\/\/curante.net\/wp-content\/uploads\/2025\/12\/imagens-blog-curante-1-400x200.jpg 400w, https:\/\/curante.net\/wp-content\/uploads\/2025\/12\/imagens-blog-curante-1-768x384.jpg 768w, https:\/\/curante.net\/wp-content\/uploads\/2025\/12\/imagens-blog-curante-1-1536x768.jpg 1536w, https:\/\/curante.net\/wp-content\/uploads\/2025\/12\/imagens-blog-curante-1-2048x1024.jpg 2048w, https:\/\/curante.net\/wp-content\/uploads\/2025\/12\/imagens-blog-curante-1-430x215.jpg 430w, https:\/\/curante.net\/wp-content\/uploads\/2025\/12\/imagens-blog-curante-1-700x350.jpg 700w, https:\/\/curante.net\/wp-content\/uploads\/2025\/12\/imagens-blog-curante-1-150x75.jpg 150w\" sizes=\"(max-width: 1300px) 100vw, 1300px\" \/>\t\t\t\t<\/div>\n\t\t\t\t\t\t\t\t\t\t\t\t\t<div class=\"wd-post-date wd-style-with-bg\">\n\t\t\t\t<span class=\"post-date-day\">\n\t\t\t\t\t29\t\t\t\t<\/span>\n\t\t\t\t<span class=\"post-date-month\">\n\t\t\t\t\tdez\t\t\t\t<\/span>\n\t\t\t<\/div>\n\t\t\t\t\t\t\t\t\t\t\t<a class=\"wd-post-link wd-fill\" href=\"https:\/\/curante.net\/desempenho-esportivo-e-saude-como-alcancar-sua-melhor-versao\/\" rel=\"bookmark\" aria-label=\"Link no post Desempenho Esportivo e Sa\u00fade: Como Alcan\u00e7ar sua Melhor Vers\u00e3o\"><\/a>\n\t\t\t\t\t<\/div>\n\n\t\t<div class=\"wd-post-content\">\n\t\t\t<div class=\"wd-post-content-inner wd-scroll\">\n\t\t\t\t\t\t\t\t\t\t\t\t\t<h3 class=\"wd-post-title wd-entities-title title post-title\">\n\t\t\t\t\t\t<a href=\"https:\/\/curante.net\/desempenho-esportivo-e-saude-como-alcancar-sua-melhor-versao\/\" rel=\"bookmark\">\n\t\t\t\t\t\t\tDesempenho Esportivo e Sa\u00fade: Como Alcan\u00e7ar sua Melhor Vers\u00e3o\t\t\t\t\t\t<\/a>\n\t\t\t\t\t<\/h3>\n\t\t\t\t\t\t\t\t\t\t\t\t\t<div class=\"wd-post-excerpt wd-scroll-content\">\n\t\t\t\t\t\t\t\t\t\t\t\t\tPraticar esportes vai muito al\u00e9m da est\u00e9tica; \u00e9 um dos pilares para uma vida longa e com qualidade. Recentemente, not\u00edcias do mundo da medicina esportiva mostram que o brasileiro est\u00e1 buscando cada vez mais o \"equil\u00edbrio de performance\": n\u00e3o se...\t\t\t\t\t\t\t\t\t\t\t<\/div>\n\t\t\t\t\t\t\t<\/div>\n\t\t\t\t\t\t\t\t\t\t\t\t<div class=\"wd-post-read-more wd-style-btn\">\n\t\t\t\t\t\t<a class=\" btn\" href=\"https:\/\/curante.net\/desempenho-esportivo-e-saude-como-alcancar-sua-melhor-versao\/\">Leia Mais<\/a>\t\t\t\t\t<\/div>\n\t\t\t\t\t\t\t\t\t<\/div>\n\t<\/div>\n<\/article>\n\t\t\t\t\t\t\t\t\t\t\t\n<article id=\"post-18159\" class=\"wd-post blog-design-list blog-post-loop blog-style-flat post-18159 post type-post status-publish format-standard has-post-thumbnail hentry category-dicas category-emagrecimento\">\n\t<div class=\"wd-post-inner\">\n\t\t<div class=\"wd-post-thumb\">\n\t\t\t\t\t\t\t<div class=\"wd-post-img\">\n\t\t\t\t\t<img width=\"1300\" height=\"622\" src=\"https:\/\/curante.net\/wp-content\/uploads\/2025\/12\/emagrecimento-1-1300x622.jpg\" class=\"attachment-large size-large\" alt=\"\" decoding=\"async\" srcset=\"https:\/\/curante.net\/wp-content\/uploads\/2025\/12\/emagrecimento-1-1300x622.jpg 1300w, https:\/\/curante.net\/wp-content\/uploads\/2025\/12\/emagrecimento-1-400x191.jpg 400w, https:\/\/curante.net\/wp-content\/uploads\/2025\/12\/emagrecimento-1-768x367.jpg 768w, https:\/\/curante.net\/wp-content\/uploads\/2025\/12\/emagrecimento-1-430x206.jpg 430w, https:\/\/curante.net\/wp-content\/uploads\/2025\/12\/emagrecimento-1-700x335.jpg 700w, https:\/\/curante.net\/wp-content\/uploads\/2025\/12\/emagrecimento-1-150x72.jpg 150w, https:\/\/curante.net\/wp-content\/uploads\/2025\/12\/emagrecimento-1.jpg 1472w\" sizes=\"(max-width: 1300px) 100vw, 1300px\" \/>\t\t\t\t<\/div>\n\t\t\t\t\t\t\t\t\t\t\t\t\t<div class=\"wd-post-date wd-style-with-bg\">\n\t\t\t\t<span class=\"post-date-day\">\n\t\t\t\t\t29\t\t\t\t<\/span>\n\t\t\t\t<span class=\"post-date-month\">\n\t\t\t\t\tdez\t\t\t\t<\/span>\n\t\t\t<\/div>\n\t\t\t\t\t\t\t\t\t\t\t<a class=\"wd-post-link wd-fill\" href=\"https:\/\/curante.net\/o-novo-olhar-sobre-o-emagrecimento-saude-alem-da-balanca\/\" rel=\"bookmark\" aria-label=\"Link no post O Novo Olhar sobre o Emagrecimento: Sa\u00fade Al\u00e9m da Balan\u00e7a\"><\/a>\n\t\t\t\t\t<\/div>\n\n\t\t<div class=\"wd-post-content\">\n\t\t\t<div class=\"wd-post-content-inner wd-scroll\">\n\t\t\t\t\t\t\t\t\t\t\t\t\t<h3 class=\"wd-post-title wd-entities-title title post-title\">\n\t\t\t\t\t\t<a href=\"https:\/\/curante.net\/o-novo-olhar-sobre-o-emagrecimento-saude-alem-da-balanca\/\" rel=\"bookmark\">\n\t\t\t\t\t\t\tO Novo Olhar sobre o Emagrecimento: Sa\u00fade Al\u00e9m da Balan\u00e7a\t\t\t\t\t\t<\/a>\n\t\t\t\t\t<\/h3>\n\t\t\t\t\t\t\t\t\t\t\t\t\t<div class=\"wd-post-excerpt wd-scroll-content\">\n\t\t\t\t\t\t\t\t\t\t\t\t\tSe voc\u00ea ligar a TV ou abrir as redes sociais hoje, vai perceber que o assunto \"emagrecimento\" mudou. Sa\u00edmos da era das dietas restritivas e entramos na era do emagrecimento consciente. As not\u00edcias recentes mostram que o p\u00fablico n\u00e3o quer...\t\t\t\t\t\t\t\t\t\t\t<\/div>\n\t\t\t\t\t\t\t<\/div>\n\t\t\t\t\t\t\t\t\t\t\t\t<div class=\"wd-post-read-more wd-style-btn\">\n\t\t\t\t\t\t<a class=\" btn\" href=\"https:\/\/curante.net\/o-novo-olhar-sobre-o-emagrecimento-saude-alem-da-balanca\/\">Leia Mais<\/a>\t\t\t\t\t<\/div>\n\t\t\t\t\t\t\t\t\t<\/div>\n\t<\/div>\n<\/article>\n\t\t\t\t\t\t\t\t\t\t\t\n<article id=\"post-785\" class=\"wd-post blog-design-list blog-post-loop blog-style-flat post-785 post type-post status-publish format-standard has-post-thumbnail hentry category-dicas category-esporte\">\n\t<div class=\"wd-post-inner\">\n\t\t<div class=\"wd-post-thumb\">\n\t\t\t\t\t\t\t<div class=\"wd-post-img\">\n\t\t\t\t\t<img width=\"1300\" height=\"650\" src=\"https:\/\/curante.net\/wp-content\/uploads\/2018\/10\/imagens-blog-curante-1-1300x650.jpg\" class=\"attachment-large size-large\" alt=\"\" decoding=\"async\" srcset=\"https:\/\/curante.net\/wp-content\/uploads\/2018\/10\/imagens-blog-curante-1-1300x650.jpg 1300w, https:\/\/curante.net\/wp-content\/uploads\/2018\/10\/imagens-blog-curante-1-400x200.jpg 400w, https:\/\/curante.net\/wp-content\/uploads\/2018\/10\/imagens-blog-curante-1-768x384.jpg 768w, https:\/\/curante.net\/wp-content\/uploads\/2018\/10\/imagens-blog-curante-1-1536x768.jpg 1536w, https:\/\/curante.net\/wp-content\/uploads\/2018\/10\/imagens-blog-curante-1-2048x1024.jpg 2048w, https:\/\/curante.net\/wp-content\/uploads\/2018\/10\/imagens-blog-curante-1-430x215.jpg 430w, https:\/\/curante.net\/wp-content\/uploads\/2018\/10\/imagens-blog-curante-1-700x350.jpg 700w, https:\/\/curante.net\/wp-content\/uploads\/2018\/10\/imagens-blog-curante-1-150x75.jpg 150w\" sizes=\"(max-width: 1300px) 100vw, 1300px\" \/>\t\t\t\t<\/div>\n\t\t\t\t\t\t\t\t\t\t\t\t\t<div class=\"wd-post-date wd-style-with-bg\">\n\t\t\t\t<span class=\"post-date-day\">\n\t\t\t\t\t29\t\t\t\t<\/span>\n\t\t\t\t<span class=\"post-date-month\">\n\t\t\t\t\tdez\t\t\t\t<\/span>\n\t\t\t<\/div>\n\t\t\t\t\t\t\t\t\t\t\t<a class=\"wd-post-link wd-fill\" href=\"https:\/\/curante.net\/6-lugares-em-brasilia-para-a-pratica-de-esportes-ao-ar-livre\/\" rel=\"bookmark\" aria-label=\"Link no post 6 lugares em Bras\u00edlia para a pr\u00e1tica de esportes ao ar livre\"><\/a>\n\t\t\t\t\t<\/div>\n\n\t\t<div class=\"wd-post-content\">\n\t\t\t<div class=\"wd-post-content-inner wd-scroll\">\n\t\t\t\t\t\t\t\t\t\t\t\t\t<h3 class=\"wd-post-title wd-entities-title title post-title\">\n\t\t\t\t\t\t<a href=\"https:\/\/curante.net\/6-lugares-em-brasilia-para-a-pratica-de-esportes-ao-ar-livre\/\" rel=\"bookmark\">\n\t\t\t\t\t\t\t6 lugares em Bras\u00edlia para a pr\u00e1tica de esportes ao ar livre\t\t\t\t\t\t<\/a>\n\t\t\t\t\t<\/h3>\n\t\t\t\t\t\t\t\t\t\t\t\t\t<div class=\"wd-post-excerpt wd-scroll-content\">\n\t\t\t\t\t\t\t\t\t\t\t\t\tPraticar exerc\u00edcios vai muito al\u00e9m da est\u00e9tica: \u00e9 um cuidado essencial com o corpo e a mente. E a boa not\u00edcia \u00e9 que voc\u00ea n\u00e3o precisa estar preso a uma academia para se movimentar.\r\nBras\u00edlia \u00e9 privilegiada com \u00e1reas verdes que...\t\t\t\t\t\t\t\t\t\t\t<\/div>\n\t\t\t\t\t\t\t<\/div>\n\t\t\t\t\t\t\t\t\t\t\t\t<div class=\"wd-post-read-more wd-style-btn\">\n\t\t\t\t\t\t<a class=\" btn\" href=\"https:\/\/curante.net\/6-lugares-em-brasilia-para-a-pratica-de-esportes-ao-ar-livre\/\">Leia Mais<\/a>\t\t\t\t\t<\/div>\n\t\t\t\t\t\t\t\t\t<\/div>\n\t<\/div>\n<\/article>\n\t\t\t\t\t\t\t\t\t\t\t\n<article id=\"post-604\" class=\"wd-post blog-design-list blog-post-loop blog-style-flat post-604 post type-post status-publish format-standard has-post-thumbnail hentry category-cabelos category-dicas\">\n\t<div class=\"wd-post-inner\">\n\t\t<div class=\"wd-post-thumb\">\n\t\t\t\t\t\t\t<div class=\"wd-post-img\">\n\t\t\t\t\t<img width=\"1300\" height=\"731\" src=\"https:\/\/curante.net\/wp-content\/uploads\/2018\/05\/imagem_paisagem_redimensionada-1300x731.png\" class=\"attachment-large size-large\" alt=\"\" decoding=\"async\" srcset=\"https:\/\/curante.net\/wp-content\/uploads\/2018\/05\/imagem_paisagem_redimensionada-1300x731.png 1300w, https:\/\/curante.net\/wp-content\/uploads\/2018\/05\/imagem_paisagem_redimensionada-400x225.png 400w, https:\/\/curante.net\/wp-content\/uploads\/2018\/05\/imagem_paisagem_redimensionada-768x432.png 768w, https:\/\/curante.net\/wp-content\/uploads\/2018\/05\/imagem_paisagem_redimensionada-1536x864.png 1536w, https:\/\/curante.net\/wp-content\/uploads\/2018\/05\/imagem_paisagem_redimensionada-430x242.png 430w, https:\/\/curante.net\/wp-content\/uploads\/2018\/05\/imagem_paisagem_redimensionada-700x394.png 700w, https:\/\/curante.net\/wp-content\/uploads\/2018\/05\/imagem_paisagem_redimensionada-150x84.png 150w, https:\/\/curante.net\/wp-content\/uploads\/2018\/05\/imagem_paisagem_redimensionada.png 1920w\" sizes=\"(max-width: 1300px) 100vw, 1300px\" \/>\t\t\t\t<\/div>\n\t\t\t\t\t\t\t\t\t\t\t\t\t<div class=\"wd-post-date wd-style-with-bg\">\n\t\t\t\t<span class=\"post-date-day\">\n\t\t\t\t\t29\t\t\t\t<\/span>\n\t\t\t\t<span class=\"post-date-month\">\n\t\t\t\t\tdez\t\t\t\t<\/span>\n\t\t\t<\/div>\n\t\t\t\t\t\t\t\t\t\t\t<a class=\"wd-post-link wd-fill\" href=\"https:\/\/curante.net\/queda-de-cabelo-como-identificar-e-dicas-praticas-para-fortalecer-os-fios\/\" rel=\"bookmark\" aria-label=\"Link no post Queda de Cabelo: Como Identificar e Dicas Pr\u00e1ticas para Fortalecer os Fios\"><\/a>\n\t\t\t\t\t<\/div>\n\n\t\t<div class=\"wd-post-content\">\n\t\t\t<div class=\"wd-post-content-inner wd-scroll\">\n\t\t\t\t\t\t\t\t\t\t\t\t\t<h3 class=\"wd-post-title wd-entities-title title post-title\">\n\t\t\t\t\t\t<a href=\"https:\/\/curante.net\/queda-de-cabelo-como-identificar-e-dicas-praticas-para-fortalecer-os-fios\/\" rel=\"bookmark\">\n\t\t\t\t\t\t\tQueda de Cabelo: Como Identificar e Dicas Pr\u00e1ticas para Fortalecer os Fios\t\t\t\t\t\t<\/a>\n\t\t\t\t\t<\/h3>\n\t\t\t\t\t\t\t\t\t\t\t\t\t<div class=\"wd-post-excerpt wd-scroll-content\">\n\t\t\t\t\t\t\t\t\t\t\t\t\tPerceber que o cabelo est\u00e1 caindo mais do que o normal \u00e9 uma preocupa\u00e7\u00e3o que atinge milh\u00f5es de brasileiros. Estimativas recentes mostram que cerca de 42 milh\u00f5es de pessoas no Brasil enfrentam algum grau de calv\u00edcie. Embora perder entre 50...\t\t\t\t\t\t\t\t\t\t\t<\/div>\n\t\t\t\t\t\t\t<\/div>\n\t\t\t\t\t\t\t\t\t\t\t\t<div class=\"wd-post-read-more wd-style-btn\">\n\t\t\t\t\t\t<a class=\" btn\" href=\"https:\/\/curante.net\/queda-de-cabelo-como-identificar-e-dicas-praticas-para-fortalecer-os-fios\/\">Leia Mais<\/a>\t\t\t\t\t<\/div>\n\t\t\t\t\t\t\t\t\t<\/div>\n\t<\/div>\n<\/article>\n\t\t\t\t\t\n\t\t\t\t\t","status":"have-posts","nextPage":"https:\/\/curante.net\/dicas-de-saude\/page\/9\/?woo_ajax=1","currentPage":"https:\/\/curante.net\/dicas-de-saude\/page\/8"}