
			
				

					
				

			
		{"items":"\n\t\t\t\t\t\t\t\t\t\t\t\n<article id=\"post-18466\" class=\"wd-post blog-design-list blog-post-loop blog-style-flat post-18466 post type-post status-publish format-standard has-post-thumbnail hentry category-corpo category-saude\">\n\t<div class=\"wd-post-inner\">\n\t\t<div class=\"wd-post-thumb\">\n\t\t\t\t\t\t\t<div class=\"wd-post-img\">\n\t\t\t\t\t<img width=\"1300\" height=\"650\" src=\"https:\/\/curante.net\/wp-content\/uploads\/2026\/01\/imagens-blog-curante-9-1300x650.jpg\" class=\"attachment-large size-large\" alt=\"\" decoding=\"async\" srcset=\"https:\/\/curante.net\/wp-content\/uploads\/2026\/01\/imagens-blog-curante-9-1300x650.jpg 1300w, https:\/\/curante.net\/wp-content\/uploads\/2026\/01\/imagens-blog-curante-9-400x200.jpg 400w, https:\/\/curante.net\/wp-content\/uploads\/2026\/01\/imagens-blog-curante-9-768x384.jpg 768w, https:\/\/curante.net\/wp-content\/uploads\/2026\/01\/imagens-blog-curante-9-1536x768.jpg 1536w, https:\/\/curante.net\/wp-content\/uploads\/2026\/01\/imagens-blog-curante-9-2048x1024.jpg 2048w, https:\/\/curante.net\/wp-content\/uploads\/2026\/01\/imagens-blog-curante-9-430x215.jpg 430w, https:\/\/curante.net\/wp-content\/uploads\/2026\/01\/imagens-blog-curante-9-700x350.jpg 700w, https:\/\/curante.net\/wp-content\/uploads\/2026\/01\/imagens-blog-curante-9-150x75.jpg 150w\" sizes=\"(max-width: 1300px) 100vw, 1300px\" \/>\t\t\t\t<\/div>\n\t\t\t\t\t\t\t\t\t\t\t\t\t<link rel=\"stylesheet\" id=\"wd-post-types-mod-date-style-bg-css\" href=\"https:\/\/curante.net\/wp-content\/themes\/woodmart\/css\/parts\/post-types-mod-date-style-bg.min.css?ver=8.2.7\" type=\"text\/css\" media=\"all\" \/> \t\t\t\t\t\t<div class=\"wd-post-date wd-style-with-bg\">\n\t\t\t\t<span class=\"post-date-day\">\n\t\t\t\t\t13\t\t\t\t<\/span>\n\t\t\t\t<span class=\"post-date-month\">\n\t\t\t\t\tjan\t\t\t\t<\/span>\n\t\t\t<\/div>\n\t\t\t\t\t\t\t\t\t\t\t<a class=\"wd-post-link wd-fill\" href=\"https:\/\/curante.net\/vitalidade-masculina-como-aliviar-andropausa\/\" rel=\"bookmark\" aria-label=\"Link no post Vitalidade Masculina: Entenda a Andropausa e Como Viver Bem Nesta Fase\"><\/a>\n\t\t\t\t\t<\/div>\n\n\t\t<div class=\"wd-post-content\">\n\t\t\t<div class=\"wd-post-content-inner wd-scroll\">\n\t\t\t\t\t\t\t\t\t\t\t\t\t<h3 class=\"wd-post-title wd-entities-title title post-title\">\n\t\t\t\t\t\t<a href=\"https:\/\/curante.net\/vitalidade-masculina-como-aliviar-andropausa\/\" rel=\"bookmark\">\n\t\t\t\t\t\t\tVitalidade Masculina: Entenda a Andropausa e Como Viver Bem Nesta Fase\t\t\t\t\t\t<\/a>\n\t\t\t\t\t<\/h3>\n\t\t\t\t\t\t\t\t\t\t\t\t\t<div class=\"wd-post-excerpt wd-scroll-content\">\n\t\t\t\t\t\t\t\t\t\t\t\t\tVoc\u00ea j\u00e1 sentiu que o \"ritmo\" mudou um pouco depois dos 40 ou 50 anos? Talvez uma fadiga que n\u00e3o passa, uma leve irritabilidade ou aquela dificuldade extra para manter a forma f\u00edsica? Se sim, voc\u00ea n\u00e3o est\u00e1 sozinho. Muitas...\t\t\t\t\t\t\t\t\t\t\t<\/div>\n\t\t\t\t\t\t\t<\/div>\n\t\t\t\t\t\t\t\t\t\t\t\t<div class=\"wd-post-read-more wd-style-btn\">\n\t\t\t\t\t\t<a class=\" btn\" href=\"https:\/\/curante.net\/vitalidade-masculina-como-aliviar-andropausa\/\">Leia Mais<\/a>\t\t\t\t\t<\/div>\n\t\t\t\t\t\t\t\t\t<\/div>\n\t<\/div>\n<\/article>\n\t\t\t\t\t\t\t\t\t\t\t\n<article id=\"post-18450\" class=\"wd-post blog-design-list blog-post-loop blog-style-flat post-18450 post type-post status-publish format-standard has-post-thumbnail hentry category-corpo category-saude\">\n\t<div class=\"wd-post-inner\">\n\t\t<div class=\"wd-post-thumb\">\n\t\t\t\t\t\t\t<div class=\"wd-post-img\">\n\t\t\t\t\t<img width=\"1300\" height=\"622\" src=\"https:\/\/curante.net\/wp-content\/uploads\/2026\/01\/vitamina-c-imagem-blog-1300x622.jpg\" class=\"attachment-large size-large\" alt=\"\" decoding=\"async\" srcset=\"https:\/\/curante.net\/wp-content\/uploads\/2026\/01\/vitamina-c-imagem-blog-1300x622.jpg 1300w, https:\/\/curante.net\/wp-content\/uploads\/2026\/01\/vitamina-c-imagem-blog-400x191.jpg 400w, https:\/\/curante.net\/wp-content\/uploads\/2026\/01\/vitamina-c-imagem-blog-768x367.jpg 768w, https:\/\/curante.net\/wp-content\/uploads\/2026\/01\/vitamina-c-imagem-blog-430x206.jpg 430w, https:\/\/curante.net\/wp-content\/uploads\/2026\/01\/vitamina-c-imagem-blog-700x335.jpg 700w, https:\/\/curante.net\/wp-content\/uploads\/2026\/01\/vitamina-c-imagem-blog-150x72.jpg 150w, https:\/\/curante.net\/wp-content\/uploads\/2026\/01\/vitamina-c-imagem-blog.jpg 1472w\" sizes=\"(max-width: 1300px) 100vw, 1300px\" \/>\t\t\t\t<\/div>\n\t\t\t\t\t\t\t\t\t\t\t\t\t<div class=\"wd-post-date wd-style-with-bg\">\n\t\t\t\t<span class=\"post-date-day\">\n\t\t\t\t\t12\t\t\t\t<\/span>\n\t\t\t\t<span class=\"post-date-month\">\n\t\t\t\t\tjan\t\t\t\t<\/span>\n\t\t\t<\/div>\n\t\t\t\t\t\t\t\t\t\t\t<a class=\"wd-post-link wd-fill\" href=\"https:\/\/curante.net\/vitamina-c-o-escudo-invisivel-que-seu-corpo-precisa-no-dia-a-dia\/\" rel=\"bookmark\" aria-label=\"Link no post Vitamina C: O Escudo Invis\u00edvel que seu Corpo Precisa no Dia a Dia\"><\/a>\n\t\t\t\t\t<\/div>\n\n\t\t<div class=\"wd-post-content\">\n\t\t\t<div class=\"wd-post-content-inner wd-scroll\">\n\t\t\t\t\t\t\t\t\t\t\t\t\t<h3 class=\"wd-post-title wd-entities-title title post-title\">\n\t\t\t\t\t\t<a href=\"https:\/\/curante.net\/vitamina-c-o-escudo-invisivel-que-seu-corpo-precisa-no-dia-a-dia\/\" rel=\"bookmark\">\n\t\t\t\t\t\t\tVitamina C: O Escudo Invis\u00edvel que seu Corpo Precisa no Dia a Dia\t\t\t\t\t\t<\/a>\n\t\t\t\t\t<\/h3>\n\t\t\t\t\t\t\t\t\t\t\t\t\t<div class=\"wd-post-excerpt wd-scroll-content\">\n\t\t\t\t\t\t\t\t\t\t\t\t\tVoc\u00ea sabia que, ao contr\u00e1rio de outros animais, o ser humano n\u00e3o consegue produzir sua pr\u00f3pria Vitamina C? Por sermos \"dependentes\" de fontes externas, esse nutriente se torna um dos maiores aliados da nossa rotina. Mas a fama dela vai...\t\t\t\t\t\t\t\t\t\t\t<\/div>\n\t\t\t\t\t\t\t<\/div>\n\t\t\t\t\t\t\t\t\t\t\t\t<div class=\"wd-post-read-more wd-style-btn\">\n\t\t\t\t\t\t<a class=\" btn\" href=\"https:\/\/curante.net\/vitamina-c-o-escudo-invisivel-que-seu-corpo-precisa-no-dia-a-dia\/\">Leia Mais<\/a>\t\t\t\t\t<\/div>\n\t\t\t\t\t\t\t\t\t<\/div>\n\t<\/div>\n<\/article>\n\t\t\t\t\t\t\t\t\t\t\t\n<article id=\"post-18423\" class=\"wd-post blog-design-list blog-post-loop blog-style-flat post-18423 post type-post status-publish format-standard has-post-thumbnail hentry category-saude category-sono\">\n\t<div class=\"wd-post-inner\">\n\t\t<div class=\"wd-post-thumb\">\n\t\t\t\t\t\t\t<div class=\"wd-post-img\">\n\t\t\t\t\t<img width=\"1300\" height=\"650\" src=\"https:\/\/curante.net\/wp-content\/uploads\/2026\/01\/imagens-blog-curante-8-1300x650.jpg\" class=\"attachment-large size-large\" alt=\"\" decoding=\"async\" srcset=\"https:\/\/curante.net\/wp-content\/uploads\/2026\/01\/imagens-blog-curante-8-1300x650.jpg 1300w, https:\/\/curante.net\/wp-content\/uploads\/2026\/01\/imagens-blog-curante-8-400x200.jpg 400w, https:\/\/curante.net\/wp-content\/uploads\/2026\/01\/imagens-blog-curante-8-768x384.jpg 768w, https:\/\/curante.net\/wp-content\/uploads\/2026\/01\/imagens-blog-curante-8-1536x768.jpg 1536w, https:\/\/curante.net\/wp-content\/uploads\/2026\/01\/imagens-blog-curante-8-2048x1024.jpg 2048w, https:\/\/curante.net\/wp-content\/uploads\/2026\/01\/imagens-blog-curante-8-430x215.jpg 430w, https:\/\/curante.net\/wp-content\/uploads\/2026\/01\/imagens-blog-curante-8-700x350.jpg 700w, https:\/\/curante.net\/wp-content\/uploads\/2026\/01\/imagens-blog-curante-8-150x75.jpg 150w\" sizes=\"(max-width: 1300px) 100vw, 1300px\" \/>\t\t\t\t<\/div>\n\t\t\t\t\t\t\t\t\t\t\t\t\t<div class=\"wd-post-date wd-style-with-bg\">\n\t\t\t\t<span class=\"post-date-day\">\n\t\t\t\t\t09\t\t\t\t<\/span>\n\t\t\t\t<span class=\"post-date-month\">\n\t\t\t\t\tjan\t\t\t\t<\/span>\n\t\t\t<\/div>\n\t\t\t\t\t\t\t\t\t\t\t<a class=\"wd-post-link wd-fill\" href=\"https:\/\/curante.net\/noites-tranquilas-dias-produtivos-o-guia-para-dormir-melhor\/\" rel=\"bookmark\" aria-label=\"Link no post Noites Tranquilas, Dias Produtivos: O Guia para Dormir Melhor\"><\/a>\n\t\t\t\t\t<\/div>\n\n\t\t<div class=\"wd-post-content\">\n\t\t\t<div class=\"wd-post-content-inner wd-scroll\">\n\t\t\t\t\t\t\t\t\t\t\t\t\t<h3 class=\"wd-post-title wd-entities-title title post-title\">\n\t\t\t\t\t\t<a href=\"https:\/\/curante.net\/noites-tranquilas-dias-produtivos-o-guia-para-dormir-melhor\/\" rel=\"bookmark\">\n\t\t\t\t\t\t\tNoites Tranquilas, Dias Produtivos: O Guia para Dormir Melhor\t\t\t\t\t\t<\/a>\n\t\t\t\t\t<\/h3>\n\t\t\t\t\t\t\t\t\t\t\t\t\t<div class=\"wd-post-excerpt wd-scroll-content\">\n\t\t\t\t\t\t\t\t\t\t\t\t\tVoc\u00ea j\u00e1 sentiu que, mesmo dormindo oito horas, acordou como se n\u00e3o tivesse descansado nada? Se a resposta for sim, voc\u00ea n\u00e3o est\u00e1 sozinho. Not\u00edcias recentes mostram que o \"jet lag social\" e a exposi\u00e7\u00e3o excessiva \u00e0s telas antes de...\t\t\t\t\t\t\t\t\t\t\t<\/div>\n\t\t\t\t\t\t\t<\/div>\n\t\t\t\t\t\t\t\t\t\t\t\t<div class=\"wd-post-read-more wd-style-btn\">\n\t\t\t\t\t\t<a class=\" btn\" href=\"https:\/\/curante.net\/noites-tranquilas-dias-produtivos-o-guia-para-dormir-melhor\/\">Leia Mais<\/a>\t\t\t\t\t<\/div>\n\t\t\t\t\t\t\t\t\t<\/div>\n\t<\/div>\n<\/article>\n\t\t\t\t\t\t\t\t\t\t\t\n<article id=\"post-18392\" class=\"wd-post blog-design-list blog-post-loop blog-style-flat post-18392 post type-post status-publish format-standard has-post-thumbnail hentry category-dicas category-novidades\">\n\t<div class=\"wd-post-inner\">\n\t\t<div class=\"wd-post-thumb\">\n\t\t\t\t\t\t\t<div class=\"wd-post-img\">\n\t\t\t\t\t<img width=\"1300\" height=\"622\" src=\"https:\/\/curante.net\/wp-content\/uploads\/2026\/01\/medicamentos-naturais-1300x622.jpg\" class=\"attachment-large size-large\" alt=\"\" decoding=\"async\" srcset=\"https:\/\/curante.net\/wp-content\/uploads\/2026\/01\/medicamentos-naturais-1300x622.jpg 1300w, https:\/\/curante.net\/wp-content\/uploads\/2026\/01\/medicamentos-naturais-400x191.jpg 400w, https:\/\/curante.net\/wp-content\/uploads\/2026\/01\/medicamentos-naturais-768x367.jpg 768w, https:\/\/curante.net\/wp-content\/uploads\/2026\/01\/medicamentos-naturais-430x206.jpg 430w, https:\/\/curante.net\/wp-content\/uploads\/2026\/01\/medicamentos-naturais-700x335.jpg 700w, https:\/\/curante.net\/wp-content\/uploads\/2026\/01\/medicamentos-naturais-150x72.jpg 150w, https:\/\/curante.net\/wp-content\/uploads\/2026\/01\/medicamentos-naturais.jpg 1472w\" sizes=\"(max-width: 1300px) 100vw, 1300px\" \/>\t\t\t\t<\/div>\n\t\t\t\t\t\t\t\t\t\t\t\t\t<div class=\"wd-post-date wd-style-with-bg\">\n\t\t\t\t<span class=\"post-date-day\">\n\t\t\t\t\t08\t\t\t\t<\/span>\n\t\t\t\t<span class=\"post-date-month\">\n\t\t\t\t\tjan\t\t\t\t<\/span>\n\t\t\t<\/div>\n\t\t\t\t\t\t\t\t\t\t\t<a class=\"wd-post-link wd-fill\" href=\"https:\/\/curante.net\/medicamentos-naturais-no-dia-a-dia-equilibrio-e-seguranca-para-sua-saude\/\" rel=\"bookmark\" aria-label=\"Link no post Medicamentos Naturais no Dia a Dia: Equil\u00edbrio e Seguran\u00e7a para sua Sa\u00fade\"><\/a>\n\t\t\t\t\t<\/div>\n\n\t\t<div class=\"wd-post-content\">\n\t\t\t<div class=\"wd-post-content-inner wd-scroll\">\n\t\t\t\t\t\t\t\t\t\t\t\t\t<h3 class=\"wd-post-title wd-entities-title title post-title\">\n\t\t\t\t\t\t<a href=\"https:\/\/curante.net\/medicamentos-naturais-no-dia-a-dia-equilibrio-e-seguranca-para-sua-saude\/\" rel=\"bookmark\">\n\t\t\t\t\t\t\tMedicamentos Naturais no Dia a Dia: Equil\u00edbrio e Seguran\u00e7a para sua Sa\u00fade\t\t\t\t\t\t<\/a>\n\t\t\t\t\t<\/h3>\n\t\t\t\t\t\t\t\t\t\t\t\t\t<div class=\"wd-post-excerpt wd-scroll-content\">\n\t\t\t\t\t\t\t\t\t\t\t\t\tVoc\u00ea j\u00e1 sentiu que o corpo precisa de um \"ajuste fino\", mas n\u00e3o queria recorrer imediatamente a solu\u00e7\u00f5es sint\u00e9ticas? \u00c9 aqui que os medicamentos naturais e fitoter\u00e1picos ganham destaque. Na Curante, acompanhamos h\u00e1 23 anos em Bras\u00edlia como ativos extra\u00eddos...\t\t\t\t\t\t\t\t\t\t\t<\/div>\n\t\t\t\t\t\t\t<\/div>\n\t\t\t\t\t\t\t\t\t\t\t\t<div class=\"wd-post-read-more wd-style-btn\">\n\t\t\t\t\t\t<a class=\" btn\" href=\"https:\/\/curante.net\/medicamentos-naturais-no-dia-a-dia-equilibrio-e-seguranca-para-sua-saude\/\">Leia Mais<\/a>\t\t\t\t\t<\/div>\n\t\t\t\t\t\t\t\t\t<\/div>\n\t<\/div>\n<\/article>\n\t\t\t\t\t\t\t\t\t\t\t\n<article id=\"post-18375\" class=\"wd-post blog-design-list blog-post-loop blog-style-flat post-18375 post type-post status-publish format-standard has-post-thumbnail hentry category-corpo category-dicas\">\n\t<div class=\"wd-post-inner\">\n\t\t<div class=\"wd-post-thumb\">\n\t\t\t\t\t\t\t<div class=\"wd-post-img\">\n\t\t\t\t\t<img width=\"1300\" height=\"650\" src=\"https:\/\/curante.net\/wp-content\/uploads\/2026\/01\/imagens-blog-curante-7-1300x650.jpg\" class=\"attachment-large size-large\" alt=\"\" decoding=\"async\" srcset=\"https:\/\/curante.net\/wp-content\/uploads\/2026\/01\/imagens-blog-curante-7-1300x650.jpg 1300w, https:\/\/curante.net\/wp-content\/uploads\/2026\/01\/imagens-blog-curante-7-400x200.jpg 400w, https:\/\/curante.net\/wp-content\/uploads\/2026\/01\/imagens-blog-curante-7-768x384.jpg 768w, https:\/\/curante.net\/wp-content\/uploads\/2026\/01\/imagens-blog-curante-7-1536x768.jpg 1536w, https:\/\/curante.net\/wp-content\/uploads\/2026\/01\/imagens-blog-curante-7-2048x1024.jpg 2048w, https:\/\/curante.net\/wp-content\/uploads\/2026\/01\/imagens-blog-curante-7-430x215.jpg 430w, https:\/\/curante.net\/wp-content\/uploads\/2026\/01\/imagens-blog-curante-7-700x350.jpg 700w, https:\/\/curante.net\/wp-content\/uploads\/2026\/01\/imagens-blog-curante-7-150x75.jpg 150w\" sizes=\"(max-width: 1300px) 100vw, 1300px\" \/>\t\t\t\t<\/div>\n\t\t\t\t\t\t\t\t\t\t\t\t\t<div class=\"wd-post-date wd-style-with-bg\">\n\t\t\t\t<span class=\"post-date-day\">\n\t\t\t\t\t07\t\t\t\t<\/span>\n\t\t\t\t<span class=\"post-date-month\">\n\t\t\t\t\tjan\t\t\t\t<\/span>\n\t\t\t<\/div>\n\t\t\t\t\t\t\t\t\t\t\t<a class=\"wd-post-link wd-fill\" href=\"https:\/\/curante.net\/como-os-alongamentos-transformam-o-seu-dia-a-dia\/\" rel=\"bookmark\" aria-label=\"Link no post Como os alongamentos transformam o seu dia a dia.\"><\/a>\n\t\t\t\t\t<\/div>\n\n\t\t<div class=\"wd-post-content\">\n\t\t\t<div class=\"wd-post-content-inner wd-scroll\">\n\t\t\t\t\t\t\t\t\t\t\t\t\t<h3 class=\"wd-post-title wd-entities-title title post-title\">\n\t\t\t\t\t\t<a href=\"https:\/\/curante.net\/como-os-alongamentos-transformam-o-seu-dia-a-dia\/\" rel=\"bookmark\">\n\t\t\t\t\t\t\tComo os alongamentos transformam o seu dia a dia.\t\t\t\t\t\t<\/a>\n\t\t\t\t\t<\/h3>\n\t\t\t\t\t\t\t\t\t\t\t\t\t<div class=\"wd-post-excerpt wd-scroll-content\">\n\t\t\t\t\t\t\t\t\t\t\t\t\tVoc\u00ea j\u00e1 sentiu aquela \"travada\" ao levantar da cadeira depois de horas de trabalho? Ou aquela tens\u00e3o acumulada nos ombros ao final do dia? Em uma rotina agitada, entre o tr\u00e2nsito e as horas em frente ao computador, o corpo...\t\t\t\t\t\t\t\t\t\t\t<\/div>\n\t\t\t\t\t\t\t<\/div>\n\t\t\t\t\t\t\t\t\t\t\t\t<div class=\"wd-post-read-more wd-style-btn\">\n\t\t\t\t\t\t<a class=\" btn\" href=\"https:\/\/curante.net\/como-os-alongamentos-transformam-o-seu-dia-a-dia\/\">Leia Mais<\/a>\t\t\t\t\t<\/div>\n\t\t\t\t\t\t\t\t\t<\/div>\n\t<\/div>\n<\/article>\n\t\t\t\t\t\t\t\t\t\t\t\n<article id=\"post-18369\" class=\"wd-post blog-design-list blog-post-loop blog-style-flat post-18369 post type-post status-publish format-standard has-post-thumbnail hentry category-dicas category-saude\">\n\t<div class=\"wd-post-inner\">\n\t\t<div class=\"wd-post-thumb\">\n\t\t\t\t\t\t\t<div class=\"wd-post-img\">\n\t\t\t\t\t<img width=\"1300\" height=\"622\" src=\"https:\/\/curante.net\/wp-content\/uploads\/2026\/01\/antioxidante-1300x622.jpg\" class=\"attachment-large size-large\" alt=\"\" decoding=\"async\" srcset=\"https:\/\/curante.net\/wp-content\/uploads\/2026\/01\/antioxidante-1300x622.jpg 1300w, https:\/\/curante.net\/wp-content\/uploads\/2026\/01\/antioxidante-400x191.jpg 400w, https:\/\/curante.net\/wp-content\/uploads\/2026\/01\/antioxidante-768x367.jpg 768w, https:\/\/curante.net\/wp-content\/uploads\/2026\/01\/antioxidante-430x206.jpg 430w, https:\/\/curante.net\/wp-content\/uploads\/2026\/01\/antioxidante-700x335.jpg 700w, https:\/\/curante.net\/wp-content\/uploads\/2026\/01\/antioxidante-150x72.jpg 150w, https:\/\/curante.net\/wp-content\/uploads\/2026\/01\/antioxidante.jpg 1472w\" sizes=\"(max-width: 1300px) 100vw, 1300px\" \/>\t\t\t\t<\/div>\n\t\t\t\t\t\t\t\t\t\t\t\t\t<div class=\"wd-post-date wd-style-with-bg\">\n\t\t\t\t<span class=\"post-date-day\">\n\t\t\t\t\t07\t\t\t\t<\/span>\n\t\t\t\t<span class=\"post-date-month\">\n\t\t\t\t\tjan\t\t\t\t<\/span>\n\t\t\t<\/div>\n\t\t\t\t\t\t\t\t\t\t\t<a class=\"wd-post-link wd-fill\" href=\"https:\/\/curante.net\/antioxidantes-blindam-sua-pele\/\" rel=\"bookmark\" aria-label=\"Link no post Como os Antioxidantes Blindam sua Pele contra o Envelhecimento Precoce?\"><\/a>\n\t\t\t\t\t<\/div>\n\n\t\t<div class=\"wd-post-content\">\n\t\t\t<div class=\"wd-post-content-inner wd-scroll\">\n\t\t\t\t\t\t\t\t\t\t\t\t\t<h3 class=\"wd-post-title wd-entities-title title post-title\">\n\t\t\t\t\t\t<a href=\"https:\/\/curante.net\/antioxidantes-blindam-sua-pele\/\" rel=\"bookmark\">\n\t\t\t\t\t\t\tComo os Antioxidantes Blindam sua Pele contra o Envelhecimento Precoce?\t\t\t\t\t\t<\/a>\n\t\t\t\t\t<\/h3>\n\t\t\t\t\t\t\t\t\t\t\t\t\t<div class=\"wd-post-excerpt wd-scroll-content\">\n\t\t\t\t\t\t\t\t\t\t\t\t\tSente que o ritmo de Bras\u00edlia est\u00e1 refletido no seu espelho? Entre a exposi\u00e7\u00e3o ao sol do Cerrado e o contato constante com telas e polui\u00e7\u00e3o, sua pele enfrenta a oxida\u00e7\u00e3o celular , um desgaste silencioso que, com o tempo,...\t\t\t\t\t\t\t\t\t\t\t<\/div>\n\t\t\t\t\t\t\t<\/div>\n\t\t\t\t\t\t\t\t\t\t\t\t<div class=\"wd-post-read-more wd-style-btn\">\n\t\t\t\t\t\t<a class=\" btn\" href=\"https:\/\/curante.net\/antioxidantes-blindam-sua-pele\/\">Leia Mais<\/a>\t\t\t\t\t<\/div>\n\t\t\t\t\t\t\t\t\t<\/div>\n\t<\/div>\n<\/article>\n\t\t\t\t\t\t\t\t\t\t\t\n<article id=\"post-18335\" class=\"wd-post blog-design-list blog-post-loop blog-style-flat post-18335 post type-post status-publish format-standard has-post-thumbnail hentry category-dicas category-saude\">\n\t<div class=\"wd-post-inner\">\n\t\t<div class=\"wd-post-thumb\">\n\t\t\t\t\t\t\t<div class=\"wd-post-img\">\n\t\t\t\t\t<img width=\"1300\" height=\"622\" src=\"https:\/\/curante.net\/wp-content\/uploads\/2026\/01\/vitamina-K-1300x622.png\" class=\"attachment-large size-large\" alt=\"\" decoding=\"async\" srcset=\"https:\/\/curante.net\/wp-content\/uploads\/2026\/01\/vitamina-K-1300x622.png 1300w, https:\/\/curante.net\/wp-content\/uploads\/2026\/01\/vitamina-K-400x191.png 400w, https:\/\/curante.net\/wp-content\/uploads\/2026\/01\/vitamina-K-768x367.png 768w, https:\/\/curante.net\/wp-content\/uploads\/2026\/01\/vitamina-K-430x206.png 430w, https:\/\/curante.net\/wp-content\/uploads\/2026\/01\/vitamina-K-700x335.png 700w, https:\/\/curante.net\/wp-content\/uploads\/2026\/01\/vitamina-K-150x72.png 150w, https:\/\/curante.net\/wp-content\/uploads\/2026\/01\/vitamina-K.png 1472w\" sizes=\"(max-width: 1300px) 100vw, 1300px\" \/>\t\t\t\t<\/div>\n\t\t\t\t\t\t\t\t\t\t\t\t\t<div class=\"wd-post-date wd-style-with-bg\">\n\t\t\t\t<span class=\"post-date-day\">\n\t\t\t\t\t06\t\t\t\t<\/span>\n\t\t\t\t<span class=\"post-date-month\">\n\t\t\t\t\tjan\t\t\t\t<\/span>\n\t\t\t<\/div>\n\t\t\t\t\t\t\t\t\t\t\t<a class=\"wd-post-link wd-fill\" href=\"https:\/\/curante.net\/vitamina-k-2\/\" rel=\"bookmark\" aria-label=\"Link no post Vitamina K e Imunidade: a combina\u00e7\u00e3o que n\u00e3o pode faltar na sua sa\u00fade.\"><\/a>\n\t\t\t\t\t<\/div>\n\n\t\t<div class=\"wd-post-content\">\n\t\t\t<div class=\"wd-post-content-inner wd-scroll\">\n\t\t\t\t\t\t\t\t\t\t\t\t\t<h3 class=\"wd-post-title wd-entities-title title post-title\">\n\t\t\t\t\t\t<a href=\"https:\/\/curante.net\/vitamina-k-2\/\" rel=\"bookmark\">\n\t\t\t\t\t\t\tVitamina K e Imunidade: a combina\u00e7\u00e3o que n\u00e3o pode faltar na sua sa\u00fade.\t\t\t\t\t\t<\/a>\n\t\t\t\t\t<\/h3>\n\t\t\t\t\t\t\t\t\t\t\t\t\t<div class=\"wd-post-excerpt wd-scroll-content\">\n\t\t\t\t\t\t\t\t\t\t\t\t\tQuando ouvimos falar em Vitamina K, a primeira imagem que vem \u00e0 mente \u00e9 o seu papel essencial na cicatriza\u00e7\u00e3o e na coagula\u00e7\u00e3o do sangue. No entanto, estudos recentes e not\u00edcias do setor de sa\u00fade t\u00eam jogado luz sobre uma...\t\t\t\t\t\t\t\t\t\t\t<\/div>\n\t\t\t\t\t\t\t<\/div>\n\t\t\t\t\t\t\t\t\t\t\t\t<div class=\"wd-post-read-more wd-style-btn\">\n\t\t\t\t\t\t<a class=\" btn\" href=\"https:\/\/curante.net\/vitamina-k-2\/\">Leia Mais<\/a>\t\t\t\t\t<\/div>\n\t\t\t\t\t\t\t\t\t<\/div>\n\t<\/div>\n<\/article>\n\t\t\t\t\t\t\t\t\t\t\t\n<article id=\"post-18330\" class=\"wd-post blog-design-list blog-post-loop blog-style-flat post-18330 post type-post status-publish format-standard has-post-thumbnail hentry category-alimentacao category-dicas\">\n\t<div class=\"wd-post-inner\">\n\t\t<div class=\"wd-post-thumb\">\n\t\t\t\t\t\t\t<div class=\"wd-post-img\">\n\t\t\t\t\t<img width=\"1300\" height=\"622\" src=\"https:\/\/curante.net\/wp-content\/uploads\/2026\/01\/alimentos-imunidade-1300x622.png\" class=\"attachment-large size-large\" alt=\"\" decoding=\"async\" srcset=\"https:\/\/curante.net\/wp-content\/uploads\/2026\/01\/alimentos-imunidade-1300x622.png 1300w, https:\/\/curante.net\/wp-content\/uploads\/2026\/01\/alimentos-imunidade-400x191.png 400w, https:\/\/curante.net\/wp-content\/uploads\/2026\/01\/alimentos-imunidade-768x367.png 768w, https:\/\/curante.net\/wp-content\/uploads\/2026\/01\/alimentos-imunidade-430x206.png 430w, https:\/\/curante.net\/wp-content\/uploads\/2026\/01\/alimentos-imunidade-700x335.png 700w, https:\/\/curante.net\/wp-content\/uploads\/2026\/01\/alimentos-imunidade-150x72.png 150w, https:\/\/curante.net\/wp-content\/uploads\/2026\/01\/alimentos-imunidade.png 1472w\" sizes=\"(max-width: 1300px) 100vw, 1300px\" \/>\t\t\t\t<\/div>\n\t\t\t\t\t\t\t\t\t\t\t\t\t<div class=\"wd-post-date wd-style-with-bg\">\n\t\t\t\t<span class=\"post-date-day\">\n\t\t\t\t\t06\t\t\t\t<\/span>\n\t\t\t\t<span class=\"post-date-month\">\n\t\t\t\t\tjan\t\t\t\t<\/span>\n\t\t\t<\/div>\n\t\t\t\t\t\t\t\t\t\t\t<a class=\"wd-post-link wd-fill\" href=\"https:\/\/curante.net\/imunidade-em-dia-6-alimentos-para-enfrentar-as-mudancas-de-tempo-com-saude\/\" rel=\"bookmark\" aria-label=\"Link no post Imunidade em Dia: 6 Alimentos para Enfrentar as Mudan\u00e7as de Tempo com Sa\u00fade\"><\/a>\n\t\t\t\t\t<\/div>\n\n\t\t<div class=\"wd-post-content\">\n\t\t\t<div class=\"wd-post-content-inner wd-scroll\">\n\t\t\t\t\t\t\t\t\t\t\t\t\t<h3 class=\"wd-post-title wd-entities-title title post-title\">\n\t\t\t\t\t\t<a href=\"https:\/\/curante.net\/imunidade-em-dia-6-alimentos-para-enfrentar-as-mudancas-de-tempo-com-saude\/\" rel=\"bookmark\">\n\t\t\t\t\t\t\tImunidade em Dia: 6 Alimentos para Enfrentar as Mudan\u00e7as de Tempo com Sa\u00fade\t\t\t\t\t\t<\/a>\n\t\t\t\t\t<\/h3>\n\t\t\t\t\t\t\t\t\t\t\t\t\t<div class=\"wd-post-excerpt wd-scroll-content\">\n\t\t\t\t\t\t\t\t\t\t\t\t\tQuem mora em Bras\u00edlia sabe: em um \u00fanico dia, podemos passar pelas quatro esta\u00e7\u00f5es. Essas viradas bruscas de temperatura, somadas \u00e0 oscila\u00e7\u00e3o da umidade, s\u00e3o um verdadeiro desafio para o nosso sistema imunol\u00f3gico. Recentemente, not\u00edcias de sa\u00fade em 2026 refor\u00e7am...\t\t\t\t\t\t\t\t\t\t\t<\/div>\n\t\t\t\t\t\t\t<\/div>\n\t\t\t\t\t\t\t\t\t\t\t\t<div class=\"wd-post-read-more wd-style-btn\">\n\t\t\t\t\t\t<a class=\" btn\" href=\"https:\/\/curante.net\/imunidade-em-dia-6-alimentos-para-enfrentar-as-mudancas-de-tempo-com-saude\/\">Leia Mais<\/a>\t\t\t\t\t<\/div>\n\t\t\t\t\t\t\t\t\t<\/div>\n\t<\/div>\n<\/article>\n\t\t\t\t\t\t\t\t\t\t\t\n<article id=\"post-18313\" class=\"wd-post blog-design-list blog-post-loop blog-style-flat post-18313 post type-post status-publish format-standard has-post-thumbnail hentry category-dicas category-novidades category-saude\">\n\t<div class=\"wd-post-inner\">\n\t\t<div class=\"wd-post-thumb\">\n\t\t\t\t\t\t\t<div class=\"wd-post-img\">\n\t\t\t\t\t<img width=\"1300\" height=\"622\" src=\"https:\/\/curante.net\/wp-content\/uploads\/2026\/01\/pepstistrong-1300x622.png\" class=\"attachment-large size-large\" alt=\"\" decoding=\"async\" srcset=\"https:\/\/curante.net\/wp-content\/uploads\/2026\/01\/pepstistrong-1300x622.png 1300w, https:\/\/curante.net\/wp-content\/uploads\/2026\/01\/pepstistrong-400x191.png 400w, https:\/\/curante.net\/wp-content\/uploads\/2026\/01\/pepstistrong-768x367.png 768w, https:\/\/curante.net\/wp-content\/uploads\/2026\/01\/pepstistrong-430x206.png 430w, https:\/\/curante.net\/wp-content\/uploads\/2026\/01\/pepstistrong-700x335.png 700w, https:\/\/curante.net\/wp-content\/uploads\/2026\/01\/pepstistrong-150x72.png 150w, https:\/\/curante.net\/wp-content\/uploads\/2026\/01\/pepstistrong.png 1472w\" sizes=\"(max-width: 1300px) 100vw, 1300px\" \/>\t\t\t\t<\/div>\n\t\t\t\t\t\t\t\t\t\t\t\t\t<div class=\"wd-post-date wd-style-with-bg\">\n\t\t\t\t<span class=\"post-date-day\">\n\t\t\t\t\t05\t\t\t\t<\/span>\n\t\t\t\t<span class=\"post-date-month\">\n\t\t\t\t\tjan\t\t\t\t<\/span>\n\t\t\t<\/div>\n\t\t\t\t\t\t\t\t\t\t\t<a class=\"wd-post-link wd-fill\" href=\"https:\/\/curante.net\/performance-esportiva-como-retomar-o-ritmo-com-forca-total-no-pos-ferias\/\" rel=\"bookmark\" aria-label=\"Link no post Performance Esportiva: Como retomar o ritmo com for\u00e7a total no p\u00f3s-f\u00e9rias\"><\/a>\n\t\t\t\t\t<\/div>\n\n\t\t<div class=\"wd-post-content\">\n\t\t\t<div class=\"wd-post-content-inner wd-scroll\">\n\t\t\t\t\t\t\t\t\t\t\t\t\t<h3 class=\"wd-post-title wd-entities-title title post-title\">\n\t\t\t\t\t\t<a href=\"https:\/\/curante.net\/performance-esportiva-como-retomar-o-ritmo-com-forca-total-no-pos-ferias\/\" rel=\"bookmark\">\n\t\t\t\t\t\t\tPerformance Esportiva: Como retomar o ritmo com for\u00e7a total no p\u00f3s-f\u00e9rias\t\t\t\t\t\t<\/a>\n\t\t\t\t\t<\/h3>\n\t\t\t\t\t\t\t\t\t\t\t\t\t<div class=\"wd-post-excerpt wd-scroll-content\">\n\t\t\t\t\t\t\t\t\t\t\t\t\tAs f\u00e9rias s\u00e3o essenciais para o descanso mental, mas para quem mant\u00e9m uma rotina ativa, o retorno aos treinos pode trazer aquela sensa\u00e7\u00e3o de \"come\u00e7ar do zero\". A perda de t\u00f4nus muscular e a queda na resist\u00eancia s\u00e3o comuns ap\u00f3s...\t\t\t\t\t\t\t\t\t\t\t<\/div>\n\t\t\t\t\t\t\t<\/div>\n\t\t\t\t\t\t\t\t\t\t\t\t<div class=\"wd-post-read-more wd-style-btn\">\n\t\t\t\t\t\t<a class=\" btn\" href=\"https:\/\/curante.net\/performance-esportiva-como-retomar-o-ritmo-com-forca-total-no-pos-ferias\/\">Leia Mais<\/a>\t\t\t\t\t<\/div>\n\t\t\t\t\t\t\t\t\t<\/div>\n\t<\/div>\n<\/article>\n\t\t\t\t\t\t\t\t\t\t\t\n<article id=\"post-18308\" class=\"wd-post blog-design-list blog-post-loop blog-style-flat post-18308 post type-post status-publish format-standard has-post-thumbnail hentry category-cuidados-com-a-pele category-dermatologia\">\n\t<div class=\"wd-post-inner\">\n\t\t<div class=\"wd-post-thumb\">\n\t\t\t\t\t\t\t<div class=\"wd-post-img\">\n\t\t\t\t\t<img width=\"1300\" height=\"622\" src=\"https:\/\/curante.net\/wp-content\/uploads\/2026\/01\/pele-pos-sol-1300x622.png\" class=\"attachment-large size-large\" alt=\"\" decoding=\"async\" srcset=\"https:\/\/curante.net\/wp-content\/uploads\/2026\/01\/pele-pos-sol-1300x622.png 1300w, https:\/\/curante.net\/wp-content\/uploads\/2026\/01\/pele-pos-sol-400x191.png 400w, https:\/\/curante.net\/wp-content\/uploads\/2026\/01\/pele-pos-sol-768x367.png 768w, https:\/\/curante.net\/wp-content\/uploads\/2026\/01\/pele-pos-sol-430x206.png 430w, https:\/\/curante.net\/wp-content\/uploads\/2026\/01\/pele-pos-sol-700x335.png 700w, https:\/\/curante.net\/wp-content\/uploads\/2026\/01\/pele-pos-sol-150x72.png 150w, https:\/\/curante.net\/wp-content\/uploads\/2026\/01\/pele-pos-sol.png 1472w\" sizes=\"(max-width: 1300px) 100vw, 1300px\" \/>\t\t\t\t<\/div>\n\t\t\t\t\t\t\t\t\t\t\t\t\t<div class=\"wd-post-date wd-style-with-bg\">\n\t\t\t\t<span class=\"post-date-day\">\n\t\t\t\t\t05\t\t\t\t<\/span>\n\t\t\t\t<span class=\"post-date-month\">\n\t\t\t\t\tjan\t\t\t\t<\/span>\n\t\t\t<\/div>\n\t\t\t\t\t\t\t\t\t\t\t<a class=\"wd-post-link wd-fill\" href=\"https:\/\/curante.net\/pele-de-ferias-como-recuperar-o-brilho-e-a-saude-apos-os-dias-de-sol\/\" rel=\"bookmark\" aria-label=\"Link no post Pele de f\u00e9rias: Como recuperar o brilho e a sa\u00fade ap\u00f3s os dias de sol\"><\/a>\n\t\t\t\t\t<\/div>\n\n\t\t<div class=\"wd-post-content\">\n\t\t\t<div class=\"wd-post-content-inner wd-scroll\">\n\t\t\t\t\t\t\t\t\t\t\t\t\t<h3 class=\"wd-post-title wd-entities-title title post-title\">\n\t\t\t\t\t\t<a href=\"https:\/\/curante.net\/pele-de-ferias-como-recuperar-o-brilho-e-a-saude-apos-os-dias-de-sol\/\" rel=\"bookmark\">\n\t\t\t\t\t\t\tPele de f\u00e9rias: Como recuperar o brilho e a sa\u00fade ap\u00f3s os dias de sol\t\t\t\t\t\t<\/a>\n\t\t\t\t\t<\/h3>\n\t\t\t\t\t\t\t\t\t\t\t\t\t<div class=\"wd-post-excerpt wd-scroll-content\">\n\t\t\t\t\t\t\t\t\t\t\t\t\tAs f\u00e9rias s\u00e3o o momento perfeito para recarregar as energias, mas nossa pele costuma voltar com uma \"bagagem\" extra: o ressecamento, a vermelhid\u00e3o e, \u00e0s vezes, aquela descama\u00e7\u00e3o indesejada. Se voc\u00ea aproveitou o sol, seja nas praias ou aqui mesmo...\t\t\t\t\t\t\t\t\t\t\t<\/div>\n\t\t\t\t\t\t\t<\/div>\n\t\t\t\t\t\t\t\t\t\t\t\t<div class=\"wd-post-read-more wd-style-btn\">\n\t\t\t\t\t\t<a class=\" btn\" href=\"https:\/\/curante.net\/pele-de-ferias-como-recuperar-o-brilho-e-a-saude-apos-os-dias-de-sol\/\">Leia Mais<\/a>\t\t\t\t\t<\/div>\n\t\t\t\t\t\t\t\t\t<\/div>\n\t<\/div>\n<\/article>\n\t\t\t\t\t\n\t\t\t\t\t","status":"have-posts","nextPage":"https:\/\/curante.net\/dicas-de-saude\/page\/8\/?woo_ajax=1","currentPage":"https:\/\/curante.net\/dicas-de-saude\/page\/7"}