
			
				

					
				

			
		{"items":"\n\t\t\t\t\t\t\t\t\t\t\t\n<article id=\"post-18619\" class=\"wd-post blog-design-list blog-post-loop blog-style-flat post-18619 post type-post status-publish format-standard has-post-thumbnail hentry category-dicas category-saude\">\n\t<div class=\"wd-post-inner\">\n\t\t<div class=\"wd-post-thumb\">\n\t\t\t\t\t\t\t<div class=\"wd-post-img\">\n\t\t\t\t\t<img width=\"1300\" height=\"650\" src=\"https:\/\/curante.net\/wp-content\/uploads\/2026\/01\/imagens-blog-curante-16-1300x650.jpg\" class=\"attachment-large size-large\" alt=\"\" decoding=\"async\" srcset=\"https:\/\/curante.net\/wp-content\/uploads\/2026\/01\/imagens-blog-curante-16-1300x650.jpg 1300w, https:\/\/curante.net\/wp-content\/uploads\/2026\/01\/imagens-blog-curante-16-400x200.jpg 400w, https:\/\/curante.net\/wp-content\/uploads\/2026\/01\/imagens-blog-curante-16-768x384.jpg 768w, https:\/\/curante.net\/wp-content\/uploads\/2026\/01\/imagens-blog-curante-16-1536x768.jpg 1536w, https:\/\/curante.net\/wp-content\/uploads\/2026\/01\/imagens-blog-curante-16-2048x1024.jpg 2048w, https:\/\/curante.net\/wp-content\/uploads\/2026\/01\/imagens-blog-curante-16-430x215.jpg 430w, https:\/\/curante.net\/wp-content\/uploads\/2026\/01\/imagens-blog-curante-16-700x350.jpg 700w, https:\/\/curante.net\/wp-content\/uploads\/2026\/01\/imagens-blog-curante-16-150x75.jpg 150w\" sizes=\"(max-width: 1300px) 100vw, 1300px\" \/>\t\t\t\t<\/div>\n\t\t\t\t\t\t\t\t\t\t\t\t\t<link rel=\"stylesheet\" id=\"wd-post-types-mod-date-style-bg-css\" href=\"https:\/\/curante.net\/wp-content\/themes\/woodmart\/css\/parts\/post-types-mod-date-style-bg.min.css?ver=8.2.7\" type=\"text\/css\" media=\"all\" \/> \t\t\t\t\t\t<div class=\"wd-post-date wd-style-with-bg\">\n\t\t\t\t<span class=\"post-date-day\">\n\t\t\t\t\t26\t\t\t\t<\/span>\n\t\t\t\t<span class=\"post-date-month\">\n\t\t\t\t\tjan\t\t\t\t<\/span>\n\t\t\t<\/div>\n\t\t\t\t\t\t\t\t\t\t\t<a class=\"wd-post-link wd-fill\" href=\"https:\/\/curante.net\/gastronomia-em-brasilia-como-sair-da-rotina-pode-ser-o-melhor-remedio-para-sua-saude\/\" rel=\"bookmark\" aria-label=\"Link no post Gastronomia em Bras\u00edlia: Como Sair da Rotina Pode Ser o Melhor Rem\u00e9dio para Sua Sa\u00fade\"><\/a>\n\t\t\t\t\t<\/div>\n\n\t\t<div class=\"wd-post-content\">\n\t\t\t<div class=\"wd-post-content-inner wd-scroll\">\n\t\t\t\t\t\t\t\t\t\t\t\t\t<h3 class=\"wd-post-title wd-entities-title title post-title\">\n\t\t\t\t\t\t<a href=\"https:\/\/curante.net\/gastronomia-em-brasilia-como-sair-da-rotina-pode-ser-o-melhor-remedio-para-sua-saude\/\" rel=\"bookmark\">\n\t\t\t\t\t\t\tGastronomia em Bras\u00edlia: Como Sair da Rotina Pode Ser o Melhor Rem\u00e9dio para Sua Sa\u00fade\t\t\t\t\t\t<\/a>\n\t\t\t\t\t<\/h3>\n\t\t\t\t\t\t\t\t\t\t\t\t\t<div class=\"wd-post-excerpt wd-scroll-content\">\n\t\t\t\t\t\t\t\t\t\t\t\t\tViver em Bras\u00edlia \u00e9 estar cercado por uma arquitetura ic\u00f4nica, mas tamb\u00e9m por um ritmo de trabalho que, muitas vezes, nos faz esquecer de \"tirar o p\u00e9 do acelerador\". Voc\u00ea j\u00e1 sentiu que os dias est\u00e3o passando no piloto autom\u00e1tico?\r\nAqui...\t\t\t\t\t\t\t\t\t\t\t<\/div>\n\t\t\t\t\t\t\t<\/div>\n\t\t\t\t\t\t\t\t\t\t\t\t<div class=\"wd-post-read-more wd-style-btn\">\n\t\t\t\t\t\t<a class=\" btn\" href=\"https:\/\/curante.net\/gastronomia-em-brasilia-como-sair-da-rotina-pode-ser-o-melhor-remedio-para-sua-saude\/\">Leia Mais<\/a>\t\t\t\t\t<\/div>\n\t\t\t\t\t\t\t\t\t<\/div>\n\t<\/div>\n<\/article>\n\t\t\t\t\t\t\t\t\t\t\t\n<article id=\"post-18584\" class=\"wd-post blog-design-list blog-post-loop blog-style-flat post-18584 post type-post status-publish format-standard has-post-thumbnail hentry category-dicas category-novidade-no-mercado\">\n\t<div class=\"wd-post-inner\">\n\t\t<div class=\"wd-post-thumb\">\n\t\t\t\t\t\t\t<div class=\"wd-post-img\">\n\t\t\t\t\t<img width=\"1300\" height=\"650\" src=\"https:\/\/curante.net\/wp-content\/uploads\/2026\/01\/imagens-blog-curante-15-1300x650.jpg\" class=\"attachment-large size-large\" alt=\"\" decoding=\"async\" srcset=\"https:\/\/curante.net\/wp-content\/uploads\/2026\/01\/imagens-blog-curante-15-1300x650.jpg 1300w, https:\/\/curante.net\/wp-content\/uploads\/2026\/01\/imagens-blog-curante-15-400x200.jpg 400w, https:\/\/curante.net\/wp-content\/uploads\/2026\/01\/imagens-blog-curante-15-768x384.jpg 768w, https:\/\/curante.net\/wp-content\/uploads\/2026\/01\/imagens-blog-curante-15-1536x768.jpg 1536w, https:\/\/curante.net\/wp-content\/uploads\/2026\/01\/imagens-blog-curante-15-2048x1024.jpg 2048w, https:\/\/curante.net\/wp-content\/uploads\/2026\/01\/imagens-blog-curante-15-430x215.jpg 430w, https:\/\/curante.net\/wp-content\/uploads\/2026\/01\/imagens-blog-curante-15-700x350.jpg 700w, https:\/\/curante.net\/wp-content\/uploads\/2026\/01\/imagens-blog-curante-15-150x75.jpg 150w\" sizes=\"(max-width: 1300px) 100vw, 1300px\" \/>\t\t\t\t<\/div>\n\t\t\t\t\t\t\t\t\t\t\t\t\t<div class=\"wd-post-date wd-style-with-bg\">\n\t\t\t\t<span class=\"post-date-day\">\n\t\t\t\t\t22\t\t\t\t<\/span>\n\t\t\t\t<span class=\"post-date-month\">\n\t\t\t\t\tjan\t\t\t\t<\/span>\n\t\t\t<\/div>\n\t\t\t\t\t\t\t\t\t\t\t<a class=\"wd-post-link wd-fill\" href=\"https:\/\/curante.net\/gestao-de-carreira-para-a-geracao-z-como-crescer-com-saude-no-mercado-atual\/\" rel=\"bookmark\" aria-label=\"Link no post Gest\u00e3o de Carreira para a Gera\u00e7\u00e3o Z: Como Crescer com Sa\u00fade no Mercado Atual\"><\/a>\n\t\t\t\t\t<\/div>\n\n\t\t<div class=\"wd-post-content\">\n\t\t\t<div class=\"wd-post-content-inner wd-scroll\">\n\t\t\t\t\t\t\t\t\t\t\t\t\t<h3 class=\"wd-post-title wd-entities-title title post-title\">\n\t\t\t\t\t\t<a href=\"https:\/\/curante.net\/gestao-de-carreira-para-a-geracao-z-como-crescer-com-saude-no-mercado-atual\/\" rel=\"bookmark\">\n\t\t\t\t\t\t\tGest\u00e3o de Carreira para a Gera\u00e7\u00e3o Z: Como Crescer com Sa\u00fade no Mercado Atual\t\t\t\t\t\t<\/a>\n\t\t\t\t\t<\/h3>\n\t\t\t\t\t\t\t\t\t\t\t\t\t<div class=\"wd-post-excerpt wd-scroll-content\">\n\t\t\t\t\t\t\t\t\t\t\t\t\tIngressar no primeiro emprego \u00e9 um marco inesquec\u00edvel, mas para a Gera\u00e7\u00e3o Z (nascidos entre 1995 e 2010), esse in\u00edcio vem acompanhado de desafios \u00fanicos. Em um mundo hiperconectado e em constante mudan\u00e7a, equilibrar a ambi\u00e7\u00e3o de crescer r\u00e1pido com...\t\t\t\t\t\t\t\t\t\t\t<\/div>\n\t\t\t\t\t\t\t<\/div>\n\t\t\t\t\t\t\t\t\t\t\t\t<div class=\"wd-post-read-more wd-style-btn\">\n\t\t\t\t\t\t<a class=\" btn\" href=\"https:\/\/curante.net\/gestao-de-carreira-para-a-geracao-z-como-crescer-com-saude-no-mercado-atual\/\">Leia Mais<\/a>\t\t\t\t\t<\/div>\n\t\t\t\t\t\t\t\t\t<\/div>\n\t<\/div>\n<\/article>\n\t\t\t\t\t\t\t\t\t\t\t\n<article id=\"post-18580\" class=\"wd-post blog-design-list blog-post-loop blog-style-flat post-18580 post type-post status-publish format-standard has-post-thumbnail hentry category-dicas category-saude\">\n\t<div class=\"wd-post-inner\">\n\t\t<div class=\"wd-post-thumb\">\n\t\t\t\t\t\t\t<div class=\"wd-post-img\">\n\t\t\t\t\t<img width=\"1300\" height=\"650\" src=\"https:\/\/curante.net\/wp-content\/uploads\/2026\/01\/imagens-blog-curante-14-1300x650.jpg\" class=\"attachment-large size-large\" alt=\"\" decoding=\"async\" srcset=\"https:\/\/curante.net\/wp-content\/uploads\/2026\/01\/imagens-blog-curante-14-1300x650.jpg 1300w, https:\/\/curante.net\/wp-content\/uploads\/2026\/01\/imagens-blog-curante-14-400x200.jpg 400w, https:\/\/curante.net\/wp-content\/uploads\/2026\/01\/imagens-blog-curante-14-768x384.jpg 768w, https:\/\/curante.net\/wp-content\/uploads\/2026\/01\/imagens-blog-curante-14-1536x768.jpg 1536w, https:\/\/curante.net\/wp-content\/uploads\/2026\/01\/imagens-blog-curante-14-2048x1024.jpg 2048w, https:\/\/curante.net\/wp-content\/uploads\/2026\/01\/imagens-blog-curante-14-430x215.jpg 430w, https:\/\/curante.net\/wp-content\/uploads\/2026\/01\/imagens-blog-curante-14-700x350.jpg 700w, https:\/\/curante.net\/wp-content\/uploads\/2026\/01\/imagens-blog-curante-14-150x75.jpg 150w\" sizes=\"(max-width: 1300px) 100vw, 1300px\" \/>\t\t\t\t<\/div>\n\t\t\t\t\t\t\t\t\t\t\t\t\t<div class=\"wd-post-date wd-style-with-bg\">\n\t\t\t\t<span class=\"post-date-day\">\n\t\t\t\t\t22\t\t\t\t<\/span>\n\t\t\t\t<span class=\"post-date-month\">\n\t\t\t\t\tjan\t\t\t\t<\/span>\n\t\t\t<\/div>\n\t\t\t\t\t\t\t\t\t\t\t<a class=\"wd-post-link wd-fill\" href=\"https:\/\/curante.net\/longevidade-ativa-como-manter-a-vitalidade-e-o-corpo-em-movimento-apos-os-50-anos\/\" rel=\"bookmark\" aria-label=\"Link no post Longevidade Ativa: Como manter a vitalidade e o corpo em movimento ap\u00f3s os 50 anos\"><\/a>\n\t\t\t\t\t<\/div>\n\n\t\t<div class=\"wd-post-content\">\n\t\t\t<div class=\"wd-post-content-inner wd-scroll\">\n\t\t\t\t\t\t\t\t\t\t\t\t\t<h3 class=\"wd-post-title wd-entities-title title post-title\">\n\t\t\t\t\t\t<a href=\"https:\/\/curante.net\/longevidade-ativa-como-manter-a-vitalidade-e-o-corpo-em-movimento-apos-os-50-anos\/\" rel=\"bookmark\">\n\t\t\t\t\t\t\tLongevidade Ativa: Como manter a vitalidade e o corpo em movimento ap\u00f3s os 50 anos\t\t\t\t\t\t<\/a>\n\t\t\t\t\t<\/h3>\n\t\t\t\t\t\t\t\t\t\t\t\t\t<div class=\"wd-post-excerpt wd-scroll-content\">\n\t\t\t\t\t\t\t\t\t\t\t\t\tEnvelhecer \u00e9 um processo natural, mas a forma como vivemos esse caminho mudou drasticamente nos \u00faltimos anos. Se antigamente os 50 anos eram vistos como o in\u00edcio do \"descanso\", em 2026 entendemos que esta \u00e9, na verdade, uma das fases...\t\t\t\t\t\t\t\t\t\t\t<\/div>\n\t\t\t\t\t\t\t<\/div>\n\t\t\t\t\t\t\t\t\t\t\t\t<div class=\"wd-post-read-more wd-style-btn\">\n\t\t\t\t\t\t<a class=\" btn\" href=\"https:\/\/curante.net\/longevidade-ativa-como-manter-a-vitalidade-e-o-corpo-em-movimento-apos-os-50-anos\/\">Leia Mais<\/a>\t\t\t\t\t<\/div>\n\t\t\t\t\t\t\t\t\t<\/div>\n\t<\/div>\n<\/article>\n\t\t\t\t\t\t\t\t\t\t\t\n<article id=\"post-18561\" class=\"wd-post blog-design-list blog-post-loop blog-style-flat post-18561 post type-post status-publish format-standard has-post-thumbnail hentry category-dicas category-novidade-no-mercado\">\n\t<div class=\"wd-post-inner\">\n\t\t<div class=\"wd-post-thumb\">\n\t\t\t\t\t\t\t<div class=\"wd-post-img\">\n\t\t\t\t\t<img width=\"1300\" height=\"650\" src=\"https:\/\/curante.net\/wp-content\/uploads\/2026\/01\/imagens-blog-curante-12-1300x650.jpg\" class=\"attachment-large size-large\" alt=\"\" decoding=\"async\" srcset=\"https:\/\/curante.net\/wp-content\/uploads\/2026\/01\/imagens-blog-curante-12-1300x650.jpg 1300w, https:\/\/curante.net\/wp-content\/uploads\/2026\/01\/imagens-blog-curante-12-400x200.jpg 400w, https:\/\/curante.net\/wp-content\/uploads\/2026\/01\/imagens-blog-curante-12-768x384.jpg 768w, https:\/\/curante.net\/wp-content\/uploads\/2026\/01\/imagens-blog-curante-12-1536x768.jpg 1536w, https:\/\/curante.net\/wp-content\/uploads\/2026\/01\/imagens-blog-curante-12-2048x1024.jpg 2048w, https:\/\/curante.net\/wp-content\/uploads\/2026\/01\/imagens-blog-curante-12-430x215.jpg 430w, https:\/\/curante.net\/wp-content\/uploads\/2026\/01\/imagens-blog-curante-12-700x350.jpg 700w, https:\/\/curante.net\/wp-content\/uploads\/2026\/01\/imagens-blog-curante-12-150x75.jpg 150w\" sizes=\"(max-width: 1300px) 100vw, 1300px\" \/>\t\t\t\t<\/div>\n\t\t\t\t\t\t\t\t\t\t\t\t\t<div class=\"wd-post-date wd-style-with-bg\">\n\t\t\t\t<span class=\"post-date-day\">\n\t\t\t\t\t20\t\t\t\t<\/span>\n\t\t\t\t<span class=\"post-date-month\">\n\t\t\t\t\tjan\t\t\t\t<\/span>\n\t\t\t<\/div>\n\t\t\t\t\t\t\t\t\t\t\t<a class=\"wd-post-link wd-fill\" href=\"https:\/\/curante.net\/ia-para-o-dia-a-dia-guia-pratico-de-produtividade-em-2026\/\" rel=\"bookmark\" aria-label=\"Link no post IA para o Dia a Dia: Guia Pr\u00e1tico de Produtividade em 2026\"><\/a>\n\t\t\t\t\t<\/div>\n\n\t\t<div class=\"wd-post-content\">\n\t\t\t<div class=\"wd-post-content-inner wd-scroll\">\n\t\t\t\t\t\t\t\t\t\t\t\t\t<h3 class=\"wd-post-title wd-entities-title title post-title\">\n\t\t\t\t\t\t<a href=\"https:\/\/curante.net\/ia-para-o-dia-a-dia-guia-pratico-de-produtividade-em-2026\/\" rel=\"bookmark\">\n\t\t\t\t\t\t\tIA para o Dia a Dia: Guia Pr\u00e1tico de Produtividade em 2026\t\t\t\t\t\t<\/a>\n\t\t\t\t\t<\/h3>\n\t\t\t\t\t\t\t\t\t\t\t\t\t<div class=\"wd-post-excerpt wd-scroll-content\">\n\t\t\t\t\t\t\t\t\t\t\t\t\tA Intelig\u00eancia Artificial (IA) deixou de ser um conceito de fic\u00e7\u00e3o cient\u00edfica para se tornar o \"copiloto\" oficial da nossa rotina em 2026. Se voc\u00ea busca mais tempo livre e menos sobrecarga mental, entender como aplicar essas ferramentas no cotidiano...\t\t\t\t\t\t\t\t\t\t\t<\/div>\n\t\t\t\t\t\t\t<\/div>\n\t\t\t\t\t\t\t\t\t\t\t\t<div class=\"wd-post-read-more wd-style-btn\">\n\t\t\t\t\t\t<a class=\" btn\" href=\"https:\/\/curante.net\/ia-para-o-dia-a-dia-guia-pratico-de-produtividade-em-2026\/\">Leia Mais<\/a>\t\t\t\t\t<\/div>\n\t\t\t\t\t\t\t\t\t<\/div>\n\t<\/div>\n<\/article>\n\t\t\t\t\t\t\t\t\t\t\t\n<article id=\"post-18543\" class=\"wd-post blog-design-list blog-post-loop blog-style-flat post-18543 post type-post status-publish format-standard has-post-thumbnail hentry category-muscular category-novidades tag-muscular\">\n\t<div class=\"wd-post-inner\">\n\t\t<div class=\"wd-post-thumb\">\n\t\t\t\t\t\t\t<div class=\"wd-post-img\">\n\t\t\t\t\t<img width=\"1300\" height=\"650\" src=\"https:\/\/curante.net\/wp-content\/uploads\/2026\/01\/imagens-blog-curante-13-1300x650.jpg\" class=\"attachment-large size-large\" alt=\"\" decoding=\"async\" srcset=\"https:\/\/curante.net\/wp-content\/uploads\/2026\/01\/imagens-blog-curante-13-1300x650.jpg 1300w, https:\/\/curante.net\/wp-content\/uploads\/2026\/01\/imagens-blog-curante-13-400x200.jpg 400w, https:\/\/curante.net\/wp-content\/uploads\/2026\/01\/imagens-blog-curante-13-768x384.jpg 768w, https:\/\/curante.net\/wp-content\/uploads\/2026\/01\/imagens-blog-curante-13-1536x768.jpg 1536w, https:\/\/curante.net\/wp-content\/uploads\/2026\/01\/imagens-blog-curante-13-2048x1024.jpg 2048w, https:\/\/curante.net\/wp-content\/uploads\/2026\/01\/imagens-blog-curante-13-430x215.jpg 430w, https:\/\/curante.net\/wp-content\/uploads\/2026\/01\/imagens-blog-curante-13-700x350.jpg 700w, https:\/\/curante.net\/wp-content\/uploads\/2026\/01\/imagens-blog-curante-13-150x75.jpg 150w\" sizes=\"(max-width: 1300px) 100vw, 1300px\" \/>\t\t\t\t<\/div>\n\t\t\t\t\t\t\t\t\t\t\t\t\t<div class=\"wd-post-date wd-style-with-bg\">\n\t\t\t\t<span class=\"post-date-day\">\n\t\t\t\t\t19\t\t\t\t<\/span>\n\t\t\t\t<span class=\"post-date-month\">\n\t\t\t\t\tjan\t\t\t\t<\/span>\n\t\t\t<\/div>\n\t\t\t\t\t\t\t\t\t\t\t<a class=\"wd-post-link wd-fill\" href=\"https:\/\/curante.net\/seus-nervos-pedem-socorro-descubra-o-poder-do-antioxidante-universal\/\" rel=\"bookmark\" aria-label=\"Link no post Seus nervos pedem socorro? Descubra o poder do &#8220;Antioxidante Universal&#8221;\"><\/a>\n\t\t\t\t\t<\/div>\n\n\t\t<div class=\"wd-post-content\">\n\t\t\t<div class=\"wd-post-content-inner wd-scroll\">\n\t\t\t\t\t\t\t\t\t\t\t\t\t<h3 class=\"wd-post-title wd-entities-title title post-title\">\n\t\t\t\t\t\t<a href=\"https:\/\/curante.net\/seus-nervos-pedem-socorro-descubra-o-poder-do-antioxidante-universal\/\" rel=\"bookmark\">\n\t\t\t\t\t\t\tSeus nervos pedem socorro? Descubra o poder do &#8220;Antioxidante Universal&#8221;\t\t\t\t\t\t<\/a>\n\t\t\t\t\t<\/h3>\n\t\t\t\t\t\t\t\t\t\t\t\t\t<div class=\"wd-post-excerpt wd-scroll-content\">\n\t\t\t\t\t\t\t\t\t\t\t\t\tVoc\u00ea j\u00e1 sentiu aquela sensa\u00e7\u00e3o estranha de formigamento nas m\u00e3os, um \"choque\" repentino nos p\u00e9s ou uma queima\u00e7\u00e3o nas pernas que parece n\u00e3o ter fim?. No corre-corre do dia a dia, muitas vezes ignoramos esses sinais, mas eles podem ser...\t\t\t\t\t\t\t\t\t\t\t<\/div>\n\t\t\t\t\t\t\t<\/div>\n\t\t\t\t\t\t\t\t\t\t\t\t<div class=\"wd-post-read-more wd-style-btn\">\n\t\t\t\t\t\t<a class=\" btn\" href=\"https:\/\/curante.net\/seus-nervos-pedem-socorro-descubra-o-poder-do-antioxidante-universal\/\">Leia Mais<\/a>\t\t\t\t\t<\/div>\n\t\t\t\t\t\t\t\t\t<\/div>\n\t<\/div>\n<\/article>\n\t\t\t\t\t\t\t\t\t\t\t\n<article id=\"post-18516\" class=\"wd-post blog-design-list blog-post-loop blog-style-flat post-18516 post type-post status-publish format-standard has-post-thumbnail hentry category-saude category-suplementos\">\n\t<div class=\"wd-post-inner\">\n\t\t<div class=\"wd-post-thumb\">\n\t\t\t\t\t\t\t<div class=\"wd-post-img\">\n\t\t\t\t\t<img width=\"1300\" height=\"650\" src=\"https:\/\/curante.net\/wp-content\/uploads\/2026\/01\/imagens-blog-curante-11-1300x650.jpg\" class=\"attachment-large size-large\" alt=\"\" decoding=\"async\" srcset=\"https:\/\/curante.net\/wp-content\/uploads\/2026\/01\/imagens-blog-curante-11-1300x650.jpg 1300w, https:\/\/curante.net\/wp-content\/uploads\/2026\/01\/imagens-blog-curante-11-400x200.jpg 400w, https:\/\/curante.net\/wp-content\/uploads\/2026\/01\/imagens-blog-curante-11-768x384.jpg 768w, https:\/\/curante.net\/wp-content\/uploads\/2026\/01\/imagens-blog-curante-11-1536x768.jpg 1536w, https:\/\/curante.net\/wp-content\/uploads\/2026\/01\/imagens-blog-curante-11-2048x1024.jpg 2048w, https:\/\/curante.net\/wp-content\/uploads\/2026\/01\/imagens-blog-curante-11-430x215.jpg 430w, https:\/\/curante.net\/wp-content\/uploads\/2026\/01\/imagens-blog-curante-11-700x350.jpg 700w, https:\/\/curante.net\/wp-content\/uploads\/2026\/01\/imagens-blog-curante-11-150x75.jpg 150w\" sizes=\"(max-width: 1300px) 100vw, 1300px\" \/>\t\t\t\t<\/div>\n\t\t\t\t\t\t\t\t\t\t\t\t\t<div class=\"wd-post-date wd-style-with-bg\">\n\t\t\t\t<span class=\"post-date-day\">\n\t\t\t\t\t16\t\t\t\t<\/span>\n\t\t\t\t<span class=\"post-date-month\">\n\t\t\t\t\tjan\t\t\t\t<\/span>\n\t\t\t<\/div>\n\t\t\t\t\t\t\t\t\t\t\t<a class=\"wd-post-link wd-fill\" href=\"https:\/\/curante.net\/omega-3-o-nutriente-vital-para-uma-vida-longa-e-ativa\/\" rel=\"bookmark\" aria-label=\"Link no post \u00d4mega 3: O Nutriente Vital para uma Vida Longa e Ativa\"><\/a>\n\t\t\t\t\t<\/div>\n\n\t\t<div class=\"wd-post-content\">\n\t\t\t<div class=\"wd-post-content-inner wd-scroll\">\n\t\t\t\t\t\t\t\t\t\t\t\t\t<h3 class=\"wd-post-title wd-entities-title title post-title\">\n\t\t\t\t\t\t<a href=\"https:\/\/curante.net\/omega-3-o-nutriente-vital-para-uma-vida-longa-e-ativa\/\" rel=\"bookmark\">\n\t\t\t\t\t\t\t\u00d4mega 3: O Nutriente Vital para uma Vida Longa e Ativa\t\t\t\t\t\t<\/a>\n\t\t\t\t\t<\/h3>\n\t\t\t\t\t\t\t\t\t\t\t\t\t<div class=\"wd-post-excerpt wd-scroll-content\">\n\t\t\t\t\t\t\t\t\t\t\t\t\tVoc\u00ea sabia que o nosso corpo \u00e9 uma m\u00e1quina incr\u00edvel, mas que n\u00e3o consegue produzir tudo o que precisa sozinho? Um dos exemplos mais importantes \u00e9 o \u00d4mega 3. Esse \u00e1cido graxo, carinhosamente chamado de \"gordura boa\", desempenha pap\u00e9is vitais...\t\t\t\t\t\t\t\t\t\t\t<\/div>\n\t\t\t\t\t\t\t<\/div>\n\t\t\t\t\t\t\t\t\t\t\t\t<div class=\"wd-post-read-more wd-style-btn\">\n\t\t\t\t\t\t<a class=\" btn\" href=\"https:\/\/curante.net\/omega-3-o-nutriente-vital-para-uma-vida-longa-e-ativa\/\">Leia Mais<\/a>\t\t\t\t\t<\/div>\n\t\t\t\t\t\t\t\t\t<\/div>\n\t<\/div>\n<\/article>\n\t\t\t\t\t\t\t\t\t\t\t\n<article id=\"post-18487\" class=\"wd-post blog-design-list blog-post-loop blog-style-flat post-18487 post type-post status-publish format-standard has-post-thumbnail hentry category-emagrecimento category-saude\">\n\t<div class=\"wd-post-inner\">\n\t\t<div class=\"wd-post-thumb\">\n\t\t\t\t\t\t\t<div class=\"wd-post-img\">\n\t\t\t\t\t<img width=\"1300\" height=\"622\" src=\"https:\/\/curante.net\/wp-content\/uploads\/2026\/01\/nobilip-1300x622.jpg\" class=\"attachment-large size-large\" alt=\"\" decoding=\"async\" srcset=\"https:\/\/curante.net\/wp-content\/uploads\/2026\/01\/nobilip-1300x622.jpg 1300w, https:\/\/curante.net\/wp-content\/uploads\/2026\/01\/nobilip-400x191.jpg 400w, https:\/\/curante.net\/wp-content\/uploads\/2026\/01\/nobilip-768x367.jpg 768w, https:\/\/curante.net\/wp-content\/uploads\/2026\/01\/nobilip-430x206.jpg 430w, https:\/\/curante.net\/wp-content\/uploads\/2026\/01\/nobilip-700x335.jpg 700w, https:\/\/curante.net\/wp-content\/uploads\/2026\/01\/nobilip-150x72.jpg 150w, https:\/\/curante.net\/wp-content\/uploads\/2026\/01\/nobilip.jpg 1472w\" sizes=\"(max-width: 1300px) 100vw, 1300px\" \/>\t\t\t\t<\/div>\n\t\t\t\t\t\t\t\t\t\t\t\t\t<div class=\"wd-post-date wd-style-with-bg\">\n\t\t\t\t<span class=\"post-date-day\">\n\t\t\t\t\t16\t\t\t\t<\/span>\n\t\t\t\t<span class=\"post-date-month\">\n\t\t\t\t\tjan\t\t\t\t<\/span>\n\t\t\t<\/div>\n\t\t\t\t\t\t\t\t\t\t\t<a class=\"wd-post-link wd-fill\" href=\"https:\/\/curante.net\/nobilip-o-aliado-natural-para-equilibrar-o-metabolismo-e-reduzir-medidas\/\" rel=\"bookmark\" aria-label=\"Link no post NobiLIP: O aliado natural para equilibrar o metabolismo e reduzir medidas\"><\/a>\n\t\t\t\t\t<\/div>\n\n\t\t<div class=\"wd-post-content\">\n\t\t\t<div class=\"wd-post-content-inner wd-scroll\">\n\t\t\t\t\t\t\t\t\t\t\t\t\t<h3 class=\"wd-post-title wd-entities-title title post-title\">\n\t\t\t\t\t\t<a href=\"https:\/\/curante.net\/nobilip-o-aliado-natural-para-equilibrar-o-metabolismo-e-reduzir-medidas\/\" rel=\"bookmark\">\n\t\t\t\t\t\t\tNobiLIP: O aliado natural para equilibrar o metabolismo e reduzir medidas\t\t\t\t\t\t<\/a>\n\t\t\t\t\t<\/h3>\n\t\t\t\t\t\t\t\t\t\t\t\t\t<div class=\"wd-post-excerpt wd-scroll-content\">\n\t\t\t\t\t\t\t\t\t\t\t\t\tManter a sa\u00fade em dia na rotina agitada de hoje \u00e9 um desafio constante. Entre o trabalho, os cuidados com a fam\u00edlia e o pouco tempo para exerc\u00edcios, o corpo acaba sentindo os efeitos: cansa\u00e7o, dificuldade para perder peso e...\t\t\t\t\t\t\t\t\t\t\t<\/div>\n\t\t\t\t\t\t\t<\/div>\n\t\t\t\t\t\t\t\t\t\t\t\t<div class=\"wd-post-read-more wd-style-btn\">\n\t\t\t\t\t\t<a class=\" btn\" href=\"https:\/\/curante.net\/nobilip-o-aliado-natural-para-equilibrar-o-metabolismo-e-reduzir-medidas\/\">Leia Mais<\/a>\t\t\t\t\t<\/div>\n\t\t\t\t\t\t\t\t\t<\/div>\n\t<\/div>\n<\/article>\n\t\t\t\t\t\t\t\t\t\t\t\n<article id=\"post-18501\" class=\"wd-post blog-design-list blog-post-loop blog-style-flat post-18501 post type-post status-publish format-standard has-post-thumbnail hentry category-dicas category-novidades\">\n\t<div class=\"wd-post-inner\">\n\t\t<div class=\"wd-post-thumb\">\n\t\t\t\t\t\t\t<div class=\"wd-post-img\">\n\t\t\t\t\t<img width=\"1300\" height=\"650\" src=\"https:\/\/curante.net\/wp-content\/uploads\/2026\/01\/imagens-blog-curante-1300x650.jpg\" class=\"attachment-large size-large\" alt=\"\" decoding=\"async\" srcset=\"https:\/\/curante.net\/wp-content\/uploads\/2026\/01\/imagens-blog-curante-1300x650.jpg 1300w, https:\/\/curante.net\/wp-content\/uploads\/2026\/01\/imagens-blog-curante-400x200.jpg 400w, https:\/\/curante.net\/wp-content\/uploads\/2026\/01\/imagens-blog-curante-768x384.jpg 768w, https:\/\/curante.net\/wp-content\/uploads\/2026\/01\/imagens-blog-curante-1536x768.jpg 1536w, https:\/\/curante.net\/wp-content\/uploads\/2026\/01\/imagens-blog-curante-2048x1024.jpg 2048w, https:\/\/curante.net\/wp-content\/uploads\/2026\/01\/imagens-blog-curante-430x215.jpg 430w, https:\/\/curante.net\/wp-content\/uploads\/2026\/01\/imagens-blog-curante-700x350.jpg 700w, https:\/\/curante.net\/wp-content\/uploads\/2026\/01\/imagens-blog-curante-150x75.jpg 150w\" sizes=\"(max-width: 1300px) 100vw, 1300px\" \/>\t\t\t\t<\/div>\n\t\t\t\t\t\t\t\t\t\t\t\t\t<div class=\"wd-post-date wd-style-with-bg\">\n\t\t\t\t<span class=\"post-date-day\">\n\t\t\t\t\t15\t\t\t\t<\/span>\n\t\t\t\t<span class=\"post-date-month\">\n\t\t\t\t\tjan\t\t\t\t<\/span>\n\t\t\t<\/div>\n\t\t\t\t\t\t\t\t\t\t\t<a class=\"wd-post-link wd-fill\" href=\"https:\/\/curante.net\/polifarmacia-quando-o-excesso-de-remedios-se-torna-um-risco-invisivel\/\" rel=\"bookmark\" aria-label=\"Link no post Polifarm\u00e1cia: Quando o excesso de rem\u00e9dios se torna um risco invis\u00edvel\"><\/a>\n\t\t\t\t\t<\/div>\n\n\t\t<div class=\"wd-post-content\">\n\t\t\t<div class=\"wd-post-content-inner wd-scroll\">\n\t\t\t\t\t\t\t\t\t\t\t\t\t<h3 class=\"wd-post-title wd-entities-title title post-title\">\n\t\t\t\t\t\t<a href=\"https:\/\/curante.net\/polifarmacia-quando-o-excesso-de-remedios-se-torna-um-risco-invisivel\/\" rel=\"bookmark\">\n\t\t\t\t\t\t\tPolifarm\u00e1cia: Quando o excesso de rem\u00e9dios se torna um risco invis\u00edvel\t\t\t\t\t\t<\/a>\n\t\t\t\t\t<\/h3>\n\t\t\t\t\t\t\t\t\t\t\t\t\t<div class=\"wd-post-excerpt wd-scroll-content\">\n\t\t\t\t\t\t\t\t\t\t\t\t\tVoc\u00ea j\u00e1 parou para contar quantos comprimidos toma por dia? Entre o rem\u00e9dio para press\u00e3o, a vitamina que viu na internet, o analg\u00e9sico para aquela dorzinha nas costas e o protetor g\u00e1strico, a sua mesa de cabeceira pode estar virando...\t\t\t\t\t\t\t\t\t\t\t<\/div>\n\t\t\t\t\t\t\t<\/div>\n\t\t\t\t\t\t\t\t\t\t\t\t<div class=\"wd-post-read-more wd-style-btn\">\n\t\t\t\t\t\t<a class=\" btn\" href=\"https:\/\/curante.net\/polifarmacia-quando-o-excesso-de-remedios-se-torna-um-risco-invisivel\/\">Leia Mais<\/a>\t\t\t\t\t<\/div>\n\t\t\t\t\t\t\t\t\t<\/div>\n\t<\/div>\n<\/article>\n\t\t\t\t\t\t\t\t\t\t\t\n<article id=\"post-18476\" class=\"wd-post blog-design-list blog-post-loop blog-style-flat post-18476 post type-post status-publish format-standard has-post-thumbnail hentry category-dicas category-saude\">\n\t<div class=\"wd-post-inner\">\n\t\t<div class=\"wd-post-thumb\">\n\t\t\t\t\t\t\t<div class=\"wd-post-img\">\n\t\t\t\t\t<img width=\"1280\" height=\"640\" src=\"https:\/\/curante.net\/wp-content\/uploads\/2026\/01\/WhatsApp-Image-2026-01-14-at-17.51.51.jpeg\" class=\"attachment-large size-large\" alt=\"\" decoding=\"async\" srcset=\"https:\/\/curante.net\/wp-content\/uploads\/2026\/01\/WhatsApp-Image-2026-01-14-at-17.51.51.jpeg 1280w, https:\/\/curante.net\/wp-content\/uploads\/2026\/01\/WhatsApp-Image-2026-01-14-at-17.51.51-400x200.jpeg 400w, https:\/\/curante.net\/wp-content\/uploads\/2026\/01\/WhatsApp-Image-2026-01-14-at-17.51.51-768x384.jpeg 768w, https:\/\/curante.net\/wp-content\/uploads\/2026\/01\/WhatsApp-Image-2026-01-14-at-17.51.51-430x215.jpeg 430w, https:\/\/curante.net\/wp-content\/uploads\/2026\/01\/WhatsApp-Image-2026-01-14-at-17.51.51-700x350.jpeg 700w, https:\/\/curante.net\/wp-content\/uploads\/2026\/01\/WhatsApp-Image-2026-01-14-at-17.51.51-150x75.jpeg 150w\" sizes=\"(max-width: 1280px) 100vw, 1280px\" \/>\t\t\t\t<\/div>\n\t\t\t\t\t\t\t\t\t\t\t\t\t<div class=\"wd-post-date wd-style-with-bg\">\n\t\t\t\t<span class=\"post-date-day\">\n\t\t\t\t\t14\t\t\t\t<\/span>\n\t\t\t\t<span class=\"post-date-month\">\n\t\t\t\t\tjan\t\t\t\t<\/span>\n\t\t\t<\/div>\n\t\t\t\t\t\t\t\t\t\t\t<a class=\"wd-post-link wd-fill\" href=\"https:\/\/curante.net\/equilibrio-natural-como-os-fitoterapicos-podem-transformar-sua-rotina\/\" rel=\"bookmark\" aria-label=\"Link no post Equil\u00edbrio Natural: Como os Fitoter\u00e1picos Podem Transformar sua rotina\"><\/a>\n\t\t\t\t\t<\/div>\n\n\t\t<div class=\"wd-post-content\">\n\t\t\t<div class=\"wd-post-content-inner wd-scroll\">\n\t\t\t\t\t\t\t\t\t\t\t\t\t<h3 class=\"wd-post-title wd-entities-title title post-title\">\n\t\t\t\t\t\t<a href=\"https:\/\/curante.net\/equilibrio-natural-como-os-fitoterapicos-podem-transformar-sua-rotina\/\" rel=\"bookmark\">\n\t\t\t\t\t\t\tEquil\u00edbrio Natural: Como os Fitoter\u00e1picos Podem Transformar sua rotina\t\t\t\t\t\t<\/a>\n\t\t\t\t\t<\/h3>\n\t\t\t\t\t\t\t\t\t\t\t\t\t<div class=\"wd-post-excerpt wd-scroll-content\">\n\t\t\t\t\t\t\t\t\t\t\t\t\tNo corre-corre da vida,\u00a0 entre o trabalho e a rotina em casa, muitas vezes esquecemos de olhar para o que a natureza nos oferece de melhor. Voc\u00ea j\u00e1 ouviu falar em fitoter\u00e1picos, mas sabe como eles realmente funcionam e por...\t\t\t\t\t\t\t\t\t\t\t<\/div>\n\t\t\t\t\t\t\t<\/div>\n\t\t\t\t\t\t\t\t\t\t\t\t<div class=\"wd-post-read-more wd-style-btn\">\n\t\t\t\t\t\t<a class=\" btn\" href=\"https:\/\/curante.net\/equilibrio-natural-como-os-fitoterapicos-podem-transformar-sua-rotina\/\">Leia Mais<\/a>\t\t\t\t\t<\/div>\n\t\t\t\t\t\t\t\t\t<\/div>\n\t<\/div>\n<\/article>\n\t\t\t\t\t\t\t\t\t\t\t\n<article id=\"post-18470\" class=\"wd-post blog-design-list blog-post-loop blog-style-flat post-18470 post type-post status-publish format-standard has-post-thumbnail hentry category-dicas category-reposicao-hormonal\">\n\t<div class=\"wd-post-inner\">\n\t\t<div class=\"wd-post-thumb\">\n\t\t\t\t\t\t\t<div class=\"wd-post-img\">\n\t\t\t\t\t<img width=\"1300\" height=\"650\" src=\"https:\/\/curante.net\/wp-content\/uploads\/2026\/01\/imagens-blog-curante-10-1300x650.jpg\" class=\"attachment-large size-large\" alt=\"\" decoding=\"async\" srcset=\"https:\/\/curante.net\/wp-content\/uploads\/2026\/01\/imagens-blog-curante-10-1300x650.jpg 1300w, https:\/\/curante.net\/wp-content\/uploads\/2026\/01\/imagens-blog-curante-10-400x200.jpg 400w, https:\/\/curante.net\/wp-content\/uploads\/2026\/01\/imagens-blog-curante-10-768x384.jpg 768w, https:\/\/curante.net\/wp-content\/uploads\/2026\/01\/imagens-blog-curante-10-1536x768.jpg 1536w, https:\/\/curante.net\/wp-content\/uploads\/2026\/01\/imagens-blog-curante-10-2048x1024.jpg 2048w, https:\/\/curante.net\/wp-content\/uploads\/2026\/01\/imagens-blog-curante-10-430x215.jpg 430w, https:\/\/curante.net\/wp-content\/uploads\/2026\/01\/imagens-blog-curante-10-700x350.jpg 700w, https:\/\/curante.net\/wp-content\/uploads\/2026\/01\/imagens-blog-curante-10-150x75.jpg 150w\" sizes=\"(max-width: 1300px) 100vw, 1300px\" \/>\t\t\t\t<\/div>\n\t\t\t\t\t\t\t\t\t\t\t\t\t<div class=\"wd-post-date wd-style-with-bg\">\n\t\t\t\t<span class=\"post-date-day\">\n\t\t\t\t\t13\t\t\t\t<\/span>\n\t\t\t\t<span class=\"post-date-month\">\n\t\t\t\t\tjan\t\t\t\t<\/span>\n\t\t\t<\/div>\n\t\t\t\t\t\t\t\t\t\t\t<a class=\"wd-post-link wd-fill\" href=\"https:\/\/curante.net\/reposicao-hormonal-natural-o-caminho-para-recuperar-sua-qualidade-de-vida\/\" rel=\"bookmark\" aria-label=\"Link no post Reposi\u00e7\u00e3o Hormonal Natural: O Caminho para Recuperar sua Qualidade de Vida.\"><\/a>\n\t\t\t\t\t<\/div>\n\n\t\t<div class=\"wd-post-content\">\n\t\t\t<div class=\"wd-post-content-inner wd-scroll\">\n\t\t\t\t\t\t\t\t\t\t\t\t\t<h3 class=\"wd-post-title wd-entities-title title post-title\">\n\t\t\t\t\t\t<a href=\"https:\/\/curante.net\/reposicao-hormonal-natural-o-caminho-para-recuperar-sua-qualidade-de-vida\/\" rel=\"bookmark\">\n\t\t\t\t\t\t\tReposi\u00e7\u00e3o Hormonal Natural: O Caminho para Recuperar sua Qualidade de Vida.\t\t\t\t\t\t<\/a>\n\t\t\t\t\t<\/h3>\n\t\t\t\t\t\t\t\t\t\t\t\t\t<div class=\"wd-post-excerpt wd-scroll-content\">\n\t\t\t\t\t\t\t\t\t\t\t\t\tVoc\u00ea j\u00e1 sentiu que o seu corpo \"perdeu o ritmo\"? O cansa\u00e7o excessivo, a dificuldade em manter o peso, a irritabilidade ou a queda na disposi\u00e7\u00e3o f\u00edsica nem sempre s\u00e3o apenas sinais de estresse ou do envelhecimento comum. Muitas vezes,...\t\t\t\t\t\t\t\t\t\t\t<\/div>\n\t\t\t\t\t\t\t<\/div>\n\t\t\t\t\t\t\t\t\t\t\t\t<div class=\"wd-post-read-more wd-style-btn\">\n\t\t\t\t\t\t<a class=\" btn\" href=\"https:\/\/curante.net\/reposicao-hormonal-natural-o-caminho-para-recuperar-sua-qualidade-de-vida\/\">Leia Mais<\/a>\t\t\t\t\t<\/div>\n\t\t\t\t\t\t\t\t\t<\/div>\n\t<\/div>\n<\/article>\n\t\t\t\t\t\n\t\t\t\t\t","status":"have-posts","nextPage":"https:\/\/curante.net\/dicas-de-saude\/page\/7\/?woo_ajax=1","currentPage":"https:\/\/curante.net\/dicas-de-saude\/page\/6"}