
			
				

					
				

			
		{"items":"\n\t\t\t\t\t\t\t\t\t\t\t\n<article id=\"post-18829\" class=\"wd-post blog-design-list blog-post-loop blog-style-flat post-18829 post type-post status-publish format-standard has-post-thumbnail hentry category-alimentacao category-dicas category-saude\">\n\t<div class=\"wd-post-inner\">\n\t\t<div class=\"wd-post-thumb\">\n\t\t\t\t\t\t\t<div class=\"wd-post-img\">\n\t\t\t\t\t<img width=\"1300\" height=\"650\" src=\"https:\/\/curante.net\/wp-content\/uploads\/2026\/02\/Copia-de-imagens-blog-curante-1-1300x650.jpg\" class=\"attachment-large size-large\" alt=\"\" decoding=\"async\" srcset=\"https:\/\/curante.net\/wp-content\/uploads\/2026\/02\/Copia-de-imagens-blog-curante-1-1300x650.jpg 1300w, https:\/\/curante.net\/wp-content\/uploads\/2026\/02\/Copia-de-imagens-blog-curante-1-400x200.jpg 400w, https:\/\/curante.net\/wp-content\/uploads\/2026\/02\/Copia-de-imagens-blog-curante-1-768x384.jpg 768w, https:\/\/curante.net\/wp-content\/uploads\/2026\/02\/Copia-de-imagens-blog-curante-1-1536x768.jpg 1536w, https:\/\/curante.net\/wp-content\/uploads\/2026\/02\/Copia-de-imagens-blog-curante-1-2048x1024.jpg 2048w, https:\/\/curante.net\/wp-content\/uploads\/2026\/02\/Copia-de-imagens-blog-curante-1-430x215.jpg 430w, https:\/\/curante.net\/wp-content\/uploads\/2026\/02\/Copia-de-imagens-blog-curante-1-700x350.jpg 700w, https:\/\/curante.net\/wp-content\/uploads\/2026\/02\/Copia-de-imagens-blog-curante-1-150x75.jpg 150w\" sizes=\"(max-width: 1300px) 100vw, 1300px\" \/>\t\t\t\t<\/div>\n\t\t\t\t\t\t\t\t\t\t\t\t\t<link rel=\"stylesheet\" id=\"wd-post-types-mod-date-style-bg-css\" href=\"https:\/\/curante.net\/wp-content\/themes\/woodmart\/css\/parts\/post-types-mod-date-style-bg.min.css?ver=8.2.7\" type=\"text\/css\" media=\"all\" \/> \t\t\t\t\t\t<div class=\"wd-post-date wd-style-with-bg\">\n\t\t\t\t<span class=\"post-date-day\">\n\t\t\t\t\t10\t\t\t\t<\/span>\n\t\t\t\t<span class=\"post-date-month\">\n\t\t\t\t\tfev\t\t\t\t<\/span>\n\t\t\t<\/div>\n\t\t\t\t\t\t\t\t\t\t\t<a class=\"wd-post-link wd-fill\" href=\"https:\/\/curante.net\/resistencia-a-insulina-como-pequenos-habitos-e-a-suplementacao-certa-podem-transformar-sua-saude\/\" rel=\"bookmark\" aria-label=\"Link no post Resist\u00eancia \u00e0 Insulina: Como pequenos h\u00e1bitos e a suplementa\u00e7\u00e3o certa podem transformar sua sa\u00fade\"><\/a>\n\t\t\t\t\t<\/div>\n\n\t\t<div class=\"wd-post-content\">\n\t\t\t<div class=\"wd-post-content-inner wd-scroll\">\n\t\t\t\t\t\t\t\t\t\t\t\t\t<h3 class=\"wd-post-title wd-entities-title title post-title\">\n\t\t\t\t\t\t<a href=\"https:\/\/curante.net\/resistencia-a-insulina-como-pequenos-habitos-e-a-suplementacao-certa-podem-transformar-sua-saude\/\" rel=\"bookmark\">\n\t\t\t\t\t\t\tResist\u00eancia \u00e0 Insulina: Como pequenos h\u00e1bitos e a suplementa\u00e7\u00e3o certa podem transformar sua sa\u00fade\t\t\t\t\t\t<\/a>\n\t\t\t\t\t<\/h3>\n\t\t\t\t\t\t\t\t\t\t\t\t\t<div class=\"wd-post-excerpt wd-scroll-content\">\n\t\t\t\t\t\t\t\t\t\t\t\t\tVoc\u00ea j\u00e1 sentiu aquele cansa\u00e7o excessivo ap\u00f3s as refei\u00e7\u00f5es ou uma vontade incontrol\u00e1vel de comer doces, mesmo depois de ter almo\u00e7ado bem? Recentemente, diversas pesquisas e not\u00edcias de sa\u00fade t\u00eam alertado para um \"vil\u00e3o silencioso\" que afeta milh\u00f5es de brasileiros:...\t\t\t\t\t\t\t\t\t\t\t<\/div>\n\t\t\t\t\t\t\t<\/div>\n\t\t\t\t\t\t\t\t\t\t\t\t<div class=\"wd-post-read-more wd-style-btn\">\n\t\t\t\t\t\t<a class=\" btn\" href=\"https:\/\/curante.net\/resistencia-a-insulina-como-pequenos-habitos-e-a-suplementacao-certa-podem-transformar-sua-saude\/\">Leia Mais<\/a>\t\t\t\t\t<\/div>\n\t\t\t\t\t\t\t\t\t<\/div>\n\t<\/div>\n<\/article>\n\t\t\t\t\t\t\t\t\t\t\t\n<article id=\"post-18800\" class=\"wd-post blog-design-list blog-post-loop blog-style-flat post-18800 post type-post status-publish format-standard has-post-thumbnail hentry category-criancas category-dicas category-saude\">\n\t<div class=\"wd-post-inner\">\n\t\t<div class=\"wd-post-thumb\">\n\t\t\t\t\t\t\t<div class=\"wd-post-img\">\n\t\t\t\t\t<img width=\"1300\" height=\"650\" src=\"https:\/\/curante.net\/wp-content\/uploads\/2026\/02\/imagens-blog-curante-29-1300x650.jpg\" class=\"attachment-large size-large\" alt=\"\" decoding=\"async\" srcset=\"https:\/\/curante.net\/wp-content\/uploads\/2026\/02\/imagens-blog-curante-29-1300x650.jpg 1300w, https:\/\/curante.net\/wp-content\/uploads\/2026\/02\/imagens-blog-curante-29-400x200.jpg 400w, https:\/\/curante.net\/wp-content\/uploads\/2026\/02\/imagens-blog-curante-29-768x384.jpg 768w, https:\/\/curante.net\/wp-content\/uploads\/2026\/02\/imagens-blog-curante-29-1536x768.jpg 1536w, https:\/\/curante.net\/wp-content\/uploads\/2026\/02\/imagens-blog-curante-29-2048x1024.jpg 2048w, https:\/\/curante.net\/wp-content\/uploads\/2026\/02\/imagens-blog-curante-29-430x215.jpg 430w, https:\/\/curante.net\/wp-content\/uploads\/2026\/02\/imagens-blog-curante-29-700x350.jpg 700w, https:\/\/curante.net\/wp-content\/uploads\/2026\/02\/imagens-blog-curante-29-150x75.jpg 150w\" sizes=\"(max-width: 1300px) 100vw, 1300px\" \/>\t\t\t\t<\/div>\n\t\t\t\t\t\t\t\t\t\t\t\t\t<div class=\"wd-post-date wd-style-with-bg\">\n\t\t\t\t<span class=\"post-date-day\">\n\t\t\t\t\t09\t\t\t\t<\/span>\n\t\t\t\t<span class=\"post-date-month\">\n\t\t\t\t\tfev\t\t\t\t<\/span>\n\t\t\t<\/div>\n\t\t\t\t\t\t\t\t\t\t\t<a class=\"wd-post-link wd-fill\" href=\"https:\/\/curante.net\/volta-as-aulas-como-os-oleos-essenciais-podem-ser-aliados-no-desenvolvimento-do-seu-filho\/\" rel=\"bookmark\" aria-label=\"Link no post Volta \u00e0s Aulas: Como os \u00d3leos Essenciais Podem Ser Aliados no Desenvolvimento do Seu Filho\"><\/a>\n\t\t\t\t\t<\/div>\n\n\t\t<div class=\"wd-post-content\">\n\t\t\t<div class=\"wd-post-content-inner wd-scroll\">\n\t\t\t\t\t\t\t\t\t\t\t\t\t<h3 class=\"wd-post-title wd-entities-title title post-title\">\n\t\t\t\t\t\t<a href=\"https:\/\/curante.net\/volta-as-aulas-como-os-oleos-essenciais-podem-ser-aliados-no-desenvolvimento-do-seu-filho\/\" rel=\"bookmark\">\n\t\t\t\t\t\t\tVolta \u00e0s Aulas: Como os \u00d3leos Essenciais Podem Ser Aliados no Desenvolvimento do Seu Filho\t\t\t\t\t\t<\/a>\n\t\t\t\t\t<\/h3>\n\t\t\t\t\t\t\t\t\t\t\t\t\t<div class=\"wd-post-excerpt wd-scroll-content\">\n\t\t\t\t\t\t\t\t\t\t\t\t\tO m\u00eas de fevereiro chegou e, com ele, o frio na barriga da volta \u00e0s aulas. Para as crian\u00e7as, esse per\u00edodo \u00e9 um mix de emo\u00e7\u00f5es: a alegria de rever os amigos, mas tamb\u00e9m a ansiedade pelos novos desafios e...\t\t\t\t\t\t\t\t\t\t\t<\/div>\n\t\t\t\t\t\t\t<\/div>\n\t\t\t\t\t\t\t\t\t\t\t\t<div class=\"wd-post-read-more wd-style-btn\">\n\t\t\t\t\t\t<a class=\" btn\" href=\"https:\/\/curante.net\/volta-as-aulas-como-os-oleos-essenciais-podem-ser-aliados-no-desenvolvimento-do-seu-filho\/\">Leia Mais<\/a>\t\t\t\t\t<\/div>\n\t\t\t\t\t\t\t\t\t<\/div>\n\t<\/div>\n<\/article>\n\t\t\t\t\t\t\t\t\t\t\t\n<article id=\"post-18793\" class=\"wd-post blog-design-list blog-post-loop blog-style-flat post-18793 post type-post status-publish format-standard has-post-thumbnail hentry category-dicas category-emagrecimento\">\n\t<div class=\"wd-post-inner\">\n\t\t<div class=\"wd-post-thumb\">\n\t\t\t\t\t\t\t<div class=\"wd-post-img\">\n\t\t\t\t\t<img width=\"1300\" height=\"650\" src=\"https:\/\/curante.net\/wp-content\/uploads\/2026\/02\/imagens-blog-curante-28-1300x650.jpg\" class=\"attachment-large size-large\" alt=\"\" decoding=\"async\" srcset=\"https:\/\/curante.net\/wp-content\/uploads\/2026\/02\/imagens-blog-curante-28-1300x650.jpg 1300w, https:\/\/curante.net\/wp-content\/uploads\/2026\/02\/imagens-blog-curante-28-400x200.jpg 400w, https:\/\/curante.net\/wp-content\/uploads\/2026\/02\/imagens-blog-curante-28-768x384.jpg 768w, https:\/\/curante.net\/wp-content\/uploads\/2026\/02\/imagens-blog-curante-28-1536x768.jpg 1536w, https:\/\/curante.net\/wp-content\/uploads\/2026\/02\/imagens-blog-curante-28-2048x1024.jpg 2048w, https:\/\/curante.net\/wp-content\/uploads\/2026\/02\/imagens-blog-curante-28-430x215.jpg 430w, https:\/\/curante.net\/wp-content\/uploads\/2026\/02\/imagens-blog-curante-28-700x350.jpg 700w, https:\/\/curante.net\/wp-content\/uploads\/2026\/02\/imagens-blog-curante-28-150x75.jpg 150w\" sizes=\"(max-width: 1300px) 100vw, 1300px\" \/>\t\t\t\t<\/div>\n\t\t\t\t\t\t\t\t\t\t\t\t\t<div class=\"wd-post-date wd-style-with-bg\">\n\t\t\t\t<span class=\"post-date-day\">\n\t\t\t\t\t09\t\t\t\t<\/span>\n\t\t\t\t<span class=\"post-date-month\">\n\t\t\t\t\tfev\t\t\t\t<\/span>\n\t\t\t<\/div>\n\t\t\t\t\t\t\t\t\t\t\t<a class=\"wd-post-link wd-fill\" href=\"https:\/\/curante.net\/mounjaro-e-bem-estar-como-lidar-com-os-efeitos-e-potencializar-seus-resultados\/\" rel=\"bookmark\" aria-label=\"Link no post Mounjaro e bem-estar: como lidar com os efeitos e potencializar seus resultados\"><\/a>\n\t\t\t\t\t<\/div>\n\n\t\t<div class=\"wd-post-content\">\n\t\t\t<div class=\"wd-post-content-inner wd-scroll\">\n\t\t\t\t\t\t\t\t\t\t\t\t\t<h3 class=\"wd-post-title wd-entities-title title post-title\">\n\t\t\t\t\t\t<a href=\"https:\/\/curante.net\/mounjaro-e-bem-estar-como-lidar-com-os-efeitos-e-potencializar-seus-resultados\/\" rel=\"bookmark\">\n\t\t\t\t\t\t\tMounjaro e bem-estar: como lidar com os efeitos e potencializar seus resultados\t\t\t\t\t\t<\/a>\n\t\t\t\t\t<\/h3>\n\t\t\t\t\t\t\t\t\t\t\t\t\t<div class=\"wd-post-excerpt wd-scroll-content\">\n\t\t\t\t\t\t\t\t\t\t\t\t\tO Mounjaro (tirzepatida) chegou como uma ferramenta poderosa no controle metab\u00f3lico e na perda de peso. No entanto, quem inicia o tratamento sabe que o corpo passa por um per\u00edodo de adapta\u00e7\u00e3o. Recentemente, not\u00edcias ao redor do mundo, incluindo alertas...\t\t\t\t\t\t\t\t\t\t\t<\/div>\n\t\t\t\t\t\t\t<\/div>\n\t\t\t\t\t\t\t\t\t\t\t\t<div class=\"wd-post-read-more wd-style-btn\">\n\t\t\t\t\t\t<a class=\" btn\" href=\"https:\/\/curante.net\/mounjaro-e-bem-estar-como-lidar-com-os-efeitos-e-potencializar-seus-resultados\/\">Leia Mais<\/a>\t\t\t\t\t<\/div>\n\t\t\t\t\t\t\t\t\t<\/div>\n\t<\/div>\n<\/article>\n\t\t\t\t\t\t\t\t\t\t\t\n<article id=\"post-18770\" class=\"wd-post blog-design-list blog-post-loop blog-style-flat post-18770 post type-post status-publish format-standard has-post-thumbnail hentry category-dicas category-novidades\">\n\t<div class=\"wd-post-inner\">\n\t\t<div class=\"wd-post-thumb\">\n\t\t\t\t\t\t\t<div class=\"wd-post-img\">\n\t\t\t\t\t<img width=\"1300\" height=\"650\" src=\"https:\/\/curante.net\/wp-content\/uploads\/2026\/02\/imagens-blog-curante-25-1300x650.jpg\" class=\"attachment-large size-large\" alt=\"\" decoding=\"async\" srcset=\"https:\/\/curante.net\/wp-content\/uploads\/2026\/02\/imagens-blog-curante-25-1300x650.jpg 1300w, https:\/\/curante.net\/wp-content\/uploads\/2026\/02\/imagens-blog-curante-25-400x200.jpg 400w, https:\/\/curante.net\/wp-content\/uploads\/2026\/02\/imagens-blog-curante-25-768x384.jpg 768w, https:\/\/curante.net\/wp-content\/uploads\/2026\/02\/imagens-blog-curante-25-1536x768.jpg 1536w, https:\/\/curante.net\/wp-content\/uploads\/2026\/02\/imagens-blog-curante-25-2048x1024.jpg 2048w, https:\/\/curante.net\/wp-content\/uploads\/2026\/02\/imagens-blog-curante-25-430x215.jpg 430w, https:\/\/curante.net\/wp-content\/uploads\/2026\/02\/imagens-blog-curante-25-700x350.jpg 700w, https:\/\/curante.net\/wp-content\/uploads\/2026\/02\/imagens-blog-curante-25-150x75.jpg 150w\" sizes=\"(max-width: 1300px) 100vw, 1300px\" \/>\t\t\t\t<\/div>\n\t\t\t\t\t\t\t\t\t\t\t\t\t<div class=\"wd-post-date wd-style-with-bg\">\n\t\t\t\t<span class=\"post-date-day\">\n\t\t\t\t\t05\t\t\t\t<\/span>\n\t\t\t\t<span class=\"post-date-month\">\n\t\t\t\t\tfev\t\t\t\t<\/span>\n\t\t\t<\/div>\n\t\t\t\t\t\t\t\t\t\t\t<a class=\"wd-post-link wd-fill\" href=\"https:\/\/curante.net\/onde-a-confianca-e-manipulada-o-papel-vital-do-controle-de-qualidade-na-sua-rotina\/\" rel=\"bookmark\" aria-label=\"Link no post Onde a Confian\u00e7a \u00e9 Manipulada: O papel vital do controle de qualidade na sua rotina.\"><\/a>\n\t\t\t\t\t<\/div>\n\n\t\t<div class=\"wd-post-content\">\n\t\t\t<div class=\"wd-post-content-inner wd-scroll\">\n\t\t\t\t\t\t\t\t\t\t\t\t\t<h3 class=\"wd-post-title wd-entities-title title post-title\">\n\t\t\t\t\t\t<a href=\"https:\/\/curante.net\/onde-a-confianca-e-manipulada-o-papel-vital-do-controle-de-qualidade-na-sua-rotina\/\" rel=\"bookmark\">\n\t\t\t\t\t\t\tOnde a Confian\u00e7a \u00e9 Manipulada: O papel vital do controle de qualidade na sua rotina.\t\t\t\t\t\t<\/a>\n\t\t\t\t\t<\/h3>\n\t\t\t\t\t\t\t\t\t\t\t\t\t<div class=\"wd-post-excerpt wd-scroll-content\">\n\t\t\t\t\t\t\t\t\t\t\t\t\tQuando voc\u00ea recebe um frasco de medicamento ou um suplemento manipulado, o que v\u00ea \u00e9 uma c\u00e1psula ou um creme. Mas, por tr\u00e1s desse produto, existe um processo rigoroso que garante que cada miligrama ali presente seja exatamente o que...\t\t\t\t\t\t\t\t\t\t\t<\/div>\n\t\t\t\t\t\t\t<\/div>\n\t\t\t\t\t\t\t\t\t\t\t\t<div class=\"wd-post-read-more wd-style-btn\">\n\t\t\t\t\t\t<a class=\" btn\" href=\"https:\/\/curante.net\/onde-a-confianca-e-manipulada-o-papel-vital-do-controle-de-qualidade-na-sua-rotina\/\">Leia Mais<\/a>\t\t\t\t\t<\/div>\n\t\t\t\t\t\t\t\t\t<\/div>\n\t<\/div>\n<\/article>\n\t\t\t\t\t\t\t\t\t\t\t\n<article id=\"post-18744\" class=\"wd-post blog-design-list blog-post-loop blog-style-flat post-18744 post type-post status-publish format-standard has-post-thumbnail hentry category-cerebro category-dicas category-saude\">\n\t<div class=\"wd-post-inner\">\n\t\t<div class=\"wd-post-thumb\">\n\t\t\t\t\t\t\t<div class=\"wd-post-img\">\n\t\t\t\t\t<img width=\"1300\" height=\"650\" src=\"https:\/\/curante.net\/wp-content\/uploads\/2026\/02\/imagens-blog-curante-24-1300x650.jpg\" class=\"attachment-large size-large\" alt=\"\" decoding=\"async\" srcset=\"https:\/\/curante.net\/wp-content\/uploads\/2026\/02\/imagens-blog-curante-24-1300x650.jpg 1300w, https:\/\/curante.net\/wp-content\/uploads\/2026\/02\/imagens-blog-curante-24-400x200.jpg 400w, https:\/\/curante.net\/wp-content\/uploads\/2026\/02\/imagens-blog-curante-24-768x384.jpg 768w, https:\/\/curante.net\/wp-content\/uploads\/2026\/02\/imagens-blog-curante-24-1536x768.jpg 1536w, https:\/\/curante.net\/wp-content\/uploads\/2026\/02\/imagens-blog-curante-24-2048x1024.jpg 2048w, https:\/\/curante.net\/wp-content\/uploads\/2026\/02\/imagens-blog-curante-24-430x215.jpg 430w, https:\/\/curante.net\/wp-content\/uploads\/2026\/02\/imagens-blog-curante-24-700x350.jpg 700w, https:\/\/curante.net\/wp-content\/uploads\/2026\/02\/imagens-blog-curante-24-150x75.jpg 150w\" sizes=\"(max-width: 1300px) 100vw, 1300px\" \/>\t\t\t\t<\/div>\n\t\t\t\t\t\t\t\t\t\t\t\t\t<div class=\"wd-post-date wd-style-with-bg\">\n\t\t\t\t<span class=\"post-date-day\">\n\t\t\t\t\t03\t\t\t\t<\/span>\n\t\t\t\t<span class=\"post-date-month\">\n\t\t\t\t\tfev\t\t\t\t<\/span>\n\t\t\t<\/div>\n\t\t\t\t\t\t\t\t\t\t\t<a class=\"wd-post-link wd-fill\" href=\"https:\/\/curante.net\/rotina-anti-distracao-habitos-e-ativos-para-um-dia-produtivo\/\" rel=\"bookmark\" aria-label=\"Link no post Rotina Anti-Distra\u00e7\u00e3o: H\u00e1bitos e Ativos para um Dia Produtivo\"><\/a>\n\t\t\t\t\t<\/div>\n\n\t\t<div class=\"wd-post-content\">\n\t\t\t<div class=\"wd-post-content-inner wd-scroll\">\n\t\t\t\t\t\t\t\t\t\t\t\t\t<h3 class=\"wd-post-title wd-entities-title title post-title\">\n\t\t\t\t\t\t<a href=\"https:\/\/curante.net\/rotina-anti-distracao-habitos-e-ativos-para-um-dia-produtivo\/\" rel=\"bookmark\">\n\t\t\t\t\t\t\tRotina Anti-Distra\u00e7\u00e3o: H\u00e1bitos e Ativos para um Dia Produtivo\t\t\t\t\t\t<\/a>\n\t\t\t\t\t<\/h3>\n\t\t\t\t\t\t\t\t\t\t\t\t\t<div class=\"wd-post-excerpt wd-scroll-content\">\n\t\t\t\t\t\t\t\t\t\t\t\t\tVoc\u00ea j\u00e1 sentiu que o dia terminou, mas a sua lista de tarefas continua quase intacta? No mundo hiperconectado de hoje, a nossa aten\u00e7\u00e3o \u00e9 o recurso mais valioso , e tamb\u00e9m o mais visado. Entre notifica\u00e7\u00f5es de celular e...\t\t\t\t\t\t\t\t\t\t\t<\/div>\n\t\t\t\t\t\t\t<\/div>\n\t\t\t\t\t\t\t\t\t\t\t\t<div class=\"wd-post-read-more wd-style-btn\">\n\t\t\t\t\t\t<a class=\" btn\" href=\"https:\/\/curante.net\/rotina-anti-distracao-habitos-e-ativos-para-um-dia-produtivo\/\">Leia Mais<\/a>\t\t\t\t\t<\/div>\n\t\t\t\t\t\t\t\t\t<\/div>\n\t<\/div>\n<\/article>\n\t\t\t\t\t\t\t\t\t\t\t\n<article id=\"post-18725\" class=\"wd-post blog-design-list blog-post-loop blog-style-flat post-18725 post type-post status-publish format-standard has-post-thumbnail hentry category-cuidados-com-a-pele category-dicas\">\n\t<div class=\"wd-post-inner\">\n\t\t<div class=\"wd-post-thumb\">\n\t\t\t\t\t\t\t<div class=\"wd-post-img\">\n\t\t\t\t\t<img width=\"1300\" height=\"650\" src=\"https:\/\/curante.net\/wp-content\/uploads\/2026\/02\/imagens-blog-curante-22-1300x650.jpg\" class=\"attachment-large size-large\" alt=\"\" decoding=\"async\" srcset=\"https:\/\/curante.net\/wp-content\/uploads\/2026\/02\/imagens-blog-curante-22-1300x650.jpg 1300w, https:\/\/curante.net\/wp-content\/uploads\/2026\/02\/imagens-blog-curante-22-400x200.jpg 400w, https:\/\/curante.net\/wp-content\/uploads\/2026\/02\/imagens-blog-curante-22-768x384.jpg 768w, https:\/\/curante.net\/wp-content\/uploads\/2026\/02\/imagens-blog-curante-22-1536x768.jpg 1536w, https:\/\/curante.net\/wp-content\/uploads\/2026\/02\/imagens-blog-curante-22-2048x1024.jpg 2048w, https:\/\/curante.net\/wp-content\/uploads\/2026\/02\/imagens-blog-curante-22-430x215.jpg 430w, https:\/\/curante.net\/wp-content\/uploads\/2026\/02\/imagens-blog-curante-22-700x350.jpg 700w, https:\/\/curante.net\/wp-content\/uploads\/2026\/02\/imagens-blog-curante-22-150x75.jpg 150w\" sizes=\"(max-width: 1300px) 100vw, 1300px\" \/>\t\t\t\t<\/div>\n\t\t\t\t\t\t\t\t\t\t\t\t\t<div class=\"wd-post-date wd-style-with-bg\">\n\t\t\t\t<span class=\"post-date-day\">\n\t\t\t\t\t02\t\t\t\t<\/span>\n\t\t\t\t<span class=\"post-date-month\">\n\t\t\t\t\tfev\t\t\t\t<\/span>\n\t\t\t<\/div>\n\t\t\t\t\t\t\t\t\t\t\t<a class=\"wd-post-link wd-fill\" href=\"https:\/\/curante.net\/skincare-sob-medida-por-que-formulas-personalizadas-tratam-melhor-manchas-e-acne\/\" rel=\"bookmark\" aria-label=\"Link no post Skincare Sob Medida: Por que f\u00f3rmulas personalizadas tratam melhor manchas e acne?\"><\/a>\n\t\t\t\t\t<\/div>\n\n\t\t<div class=\"wd-post-content\">\n\t\t\t<div class=\"wd-post-content-inner wd-scroll\">\n\t\t\t\t\t\t\t\t\t\t\t\t\t<h3 class=\"wd-post-title wd-entities-title title post-title\">\n\t\t\t\t\t\t<a href=\"https:\/\/curante.net\/skincare-sob-medida-por-que-formulas-personalizadas-tratam-melhor-manchas-e-acne\/\" rel=\"bookmark\">\n\t\t\t\t\t\t\tSkincare Sob Medida: Por que f\u00f3rmulas personalizadas tratam melhor manchas e acne?\t\t\t\t\t\t<\/a>\n\t\t\t\t\t<\/h3>\n\t\t\t\t\t\t\t\t\t\t\t\t\t<div class=\"wd-post-excerpt wd-scroll-content\">\n\t\t\t\t\t\t\t\t\t\t\t\t\tVoc\u00ea j\u00e1 sentiu que, por mais que compre o \"produto do momento\", sua pele parece n\u00e3o reagir da forma esperada? Se a resposta for sim, saiba que voc\u00ea n\u00e3o est\u00e1 s\u00f3. Em 2026, a grande tend\u00eancia da sa\u00fade est\u00e9tica \u00e9...\t\t\t\t\t\t\t\t\t\t\t<\/div>\n\t\t\t\t\t\t\t<\/div>\n\t\t\t\t\t\t\t\t\t\t\t\t<div class=\"wd-post-read-more wd-style-btn\">\n\t\t\t\t\t\t<a class=\" btn\" href=\"https:\/\/curante.net\/skincare-sob-medida-por-que-formulas-personalizadas-tratam-melhor-manchas-e-acne\/\">Leia Mais<\/a>\t\t\t\t\t<\/div>\n\t\t\t\t\t\t\t\t\t<\/div>\n\t<\/div>\n<\/article>\n\t\t\t\t\t\t\t\t\t\t\t\n<article id=\"post-18700\" class=\"wd-post blog-design-list blog-post-loop blog-style-flat post-18700 post type-post status-publish format-standard has-post-thumbnail hentry category-imunidade category-saude\">\n\t<div class=\"wd-post-inner\">\n\t\t<div class=\"wd-post-thumb\">\n\t\t\t\t\t\t\t<div class=\"wd-post-img\">\n\t\t\t\t\t<img width=\"1300\" height=\"650\" src=\"https:\/\/curante.net\/wp-content\/uploads\/2026\/01\/imagens-blog-curante-21-1300x650.jpg\" class=\"attachment-large size-large\" alt=\"\" decoding=\"async\" srcset=\"https:\/\/curante.net\/wp-content\/uploads\/2026\/01\/imagens-blog-curante-21-1300x650.jpg 1300w, https:\/\/curante.net\/wp-content\/uploads\/2026\/01\/imagens-blog-curante-21-400x200.jpg 400w, https:\/\/curante.net\/wp-content\/uploads\/2026\/01\/imagens-blog-curante-21-768x384.jpg 768w, https:\/\/curante.net\/wp-content\/uploads\/2026\/01\/imagens-blog-curante-21-1536x768.jpg 1536w, https:\/\/curante.net\/wp-content\/uploads\/2026\/01\/imagens-blog-curante-21-2048x1024.jpg 2048w, https:\/\/curante.net\/wp-content\/uploads\/2026\/01\/imagens-blog-curante-21-430x215.jpg 430w, https:\/\/curante.net\/wp-content\/uploads\/2026\/01\/imagens-blog-curante-21-700x350.jpg 700w, https:\/\/curante.net\/wp-content\/uploads\/2026\/01\/imagens-blog-curante-21-150x75.jpg 150w\" sizes=\"(max-width: 1300px) 100vw, 1300px\" \/>\t\t\t\t<\/div>\n\t\t\t\t\t\t\t\t\t\t\t\t\t<div class=\"wd-post-date wd-style-with-bg\">\n\t\t\t\t<span class=\"post-date-day\">\n\t\t\t\t\t30\t\t\t\t<\/span>\n\t\t\t\t<span class=\"post-date-month\">\n\t\t\t\t\tjan\t\t\t\t<\/span>\n\t\t\t<\/div>\n\t\t\t\t\t\t\t\t\t\t\t<a class=\"wd-post-link wd-fill\" href=\"https:\/\/curante.net\/imunidade-e-protecao-o-escudo-natural-que-sua-saude-precisa\/\" rel=\"bookmark\" aria-label=\"Link no post Imunidade e Prote\u00e7\u00e3o: O Escudo Natural que Sua Sa\u00fade Precisa\"><\/a>\n\t\t\t\t\t<\/div>\n\n\t\t<div class=\"wd-post-content\">\n\t\t\t<div class=\"wd-post-content-inner wd-scroll\">\n\t\t\t\t\t\t\t\t\t\t\t\t\t<h3 class=\"wd-post-title wd-entities-title title post-title\">\n\t\t\t\t\t\t<a href=\"https:\/\/curante.net\/imunidade-e-protecao-o-escudo-natural-que-sua-saude-precisa\/\" rel=\"bookmark\">\n\t\t\t\t\t\t\tImunidade e Prote\u00e7\u00e3o: O Escudo Natural que Sua Sa\u00fade Precisa\t\t\t\t\t\t<\/a>\n\t\t\t\t\t<\/h3>\n\t\t\t\t\t\t\t\t\t\t\t\t\t<div class=\"wd-post-excerpt wd-scroll-content\">\n\t\t\t\t\t\t\t\t\t\t\t\t\tCuidar da sa\u00fade vai muito al\u00e9m de tratar sintomas; trata-se de construir uma base s\u00f3lida para que o nosso corpo saiba como reagir aos desafios do dia a dia. Em Bras\u00edlia, onde as mudan\u00e7as de clima e a seca costumam...\t\t\t\t\t\t\t\t\t\t\t<\/div>\n\t\t\t\t\t\t\t<\/div>\n\t\t\t\t\t\t\t\t\t\t\t\t<div class=\"wd-post-read-more wd-style-btn\">\n\t\t\t\t\t\t<a class=\" btn\" href=\"https:\/\/curante.net\/imunidade-e-protecao-o-escudo-natural-que-sua-saude-precisa\/\">Leia Mais<\/a>\t\t\t\t\t<\/div>\n\t\t\t\t\t\t\t\t\t<\/div>\n\t<\/div>\n<\/article>\n\t\t\t\t\t\t\t\t\t\t\t\n<article id=\"post-18682\" class=\"wd-post blog-design-list blog-post-loop blog-style-flat post-18682 post type-post status-publish format-standard has-post-thumbnail hentry category-dicas category-suplementos\">\n\t<div class=\"wd-post-inner\">\n\t\t<div class=\"wd-post-thumb\">\n\t\t\t\t\t\t\t<div class=\"wd-post-img\">\n\t\t\t\t\t<img width=\"1300\" height=\"650\" src=\"https:\/\/curante.net\/wp-content\/uploads\/2026\/01\/imagens-blog-curante-23-1300x650.jpg\" class=\"attachment-large size-large\" alt=\"\" decoding=\"async\" srcset=\"https:\/\/curante.net\/wp-content\/uploads\/2026\/01\/imagens-blog-curante-23-1300x650.jpg 1300w, https:\/\/curante.net\/wp-content\/uploads\/2026\/01\/imagens-blog-curante-23-400x200.jpg 400w, https:\/\/curante.net\/wp-content\/uploads\/2026\/01\/imagens-blog-curante-23-768x384.jpg 768w, https:\/\/curante.net\/wp-content\/uploads\/2026\/01\/imagens-blog-curante-23-1536x768.jpg 1536w, https:\/\/curante.net\/wp-content\/uploads\/2026\/01\/imagens-blog-curante-23-2048x1024.jpg 2048w, https:\/\/curante.net\/wp-content\/uploads\/2026\/01\/imagens-blog-curante-23-430x215.jpg 430w, https:\/\/curante.net\/wp-content\/uploads\/2026\/01\/imagens-blog-curante-23-700x350.jpg 700w, https:\/\/curante.net\/wp-content\/uploads\/2026\/01\/imagens-blog-curante-23-150x75.jpg 150w\" sizes=\"(max-width: 1300px) 100vw, 1300px\" \/>\t\t\t\t<\/div>\n\t\t\t\t\t\t\t\t\t\t\t\t\t<div class=\"wd-post-date wd-style-with-bg\">\n\t\t\t\t<span class=\"post-date-day\">\n\t\t\t\t\t29\t\t\t\t<\/span>\n\t\t\t\t<span class=\"post-date-month\">\n\t\t\t\t\tjan\t\t\t\t<\/span>\n\t\t\t<\/div>\n\t\t\t\t\t\t\t\t\t\t\t<a class=\"wd-post-link wd-fill\" href=\"https:\/\/curante.net\/suplementos-que-transformam-como-escolher-os-ativos-certos-para-sua-rotina-de-saude\/\" rel=\"bookmark\" aria-label=\"Link no post Suplementos que transformam: como escolher os ativos certos para sua rotina de sa\u00fade\"><\/a>\n\t\t\t\t\t<\/div>\n\n\t\t<div class=\"wd-post-content\">\n\t\t\t<div class=\"wd-post-content-inner wd-scroll\">\n\t\t\t\t\t\t\t\t\t\t\t\t\t<h3 class=\"wd-post-title wd-entities-title title post-title\">\n\t\t\t\t\t\t<a href=\"https:\/\/curante.net\/suplementos-que-transformam-como-escolher-os-ativos-certos-para-sua-rotina-de-saude\/\" rel=\"bookmark\">\n\t\t\t\t\t\t\tSuplementos que transformam: como escolher os ativos certos para sua rotina de sa\u00fade\t\t\t\t\t\t<\/a>\n\t\t\t\t\t<\/h3>\n\t\t\t\t\t\t\t\t\t\t\t\t\t<div class=\"wd-post-excerpt wd-scroll-content\">\n\t\t\t\t\t\t\t\t\t\t\t\t\tManter a sa\u00fade em dia em meio \u00e0 correria de Bras\u00edlia exige mais do que apenas uma boa alimenta\u00e7\u00e3o; \u00e0s vezes, nosso corpo pede um suporte extra. Mas, com tantas op\u00e7\u00f5es nas prateleiras e na internet, como saber quais suplementos...\t\t\t\t\t\t\t\t\t\t\t<\/div>\n\t\t\t\t\t\t\t<\/div>\n\t\t\t\t\t\t\t\t\t\t\t\t<div class=\"wd-post-read-more wd-style-btn\">\n\t\t\t\t\t\t<a class=\" btn\" href=\"https:\/\/curante.net\/suplementos-que-transformam-como-escolher-os-ativos-certos-para-sua-rotina-de-saude\/\">Leia Mais<\/a>\t\t\t\t\t<\/div>\n\t\t\t\t\t\t\t\t\t<\/div>\n\t<\/div>\n<\/article>\n\t\t\t\t\t\t\t\t\t\t\t\n<article id=\"post-18678\" class=\"wd-post blog-design-list blog-post-loop blog-style-flat post-18678 post type-post status-publish format-standard has-post-thumbnail hentry category-intestinal category-saude\">\n\t<div class=\"wd-post-inner\">\n\t\t<div class=\"wd-post-thumb\">\n\t\t\t\t\t\t\t<div class=\"wd-post-img\">\n\t\t\t\t\t<img width=\"1300\" height=\"650\" src=\"https:\/\/curante.net\/wp-content\/uploads\/2026\/01\/imagens-blog-curante-18-1300x650.jpg\" class=\"attachment-large size-large\" alt=\"\" decoding=\"async\" srcset=\"https:\/\/curante.net\/wp-content\/uploads\/2026\/01\/imagens-blog-curante-18-1300x650.jpg 1300w, https:\/\/curante.net\/wp-content\/uploads\/2026\/01\/imagens-blog-curante-18-400x200.jpg 400w, https:\/\/curante.net\/wp-content\/uploads\/2026\/01\/imagens-blog-curante-18-768x384.jpg 768w, https:\/\/curante.net\/wp-content\/uploads\/2026\/01\/imagens-blog-curante-18-1536x768.jpg 1536w, https:\/\/curante.net\/wp-content\/uploads\/2026\/01\/imagens-blog-curante-18-2048x1024.jpg 2048w, https:\/\/curante.net\/wp-content\/uploads\/2026\/01\/imagens-blog-curante-18-430x215.jpg 430w, https:\/\/curante.net\/wp-content\/uploads\/2026\/01\/imagens-blog-curante-18-700x350.jpg 700w, https:\/\/curante.net\/wp-content\/uploads\/2026\/01\/imagens-blog-curante-18-150x75.jpg 150w\" sizes=\"(max-width: 1300px) 100vw, 1300px\" \/>\t\t\t\t<\/div>\n\t\t\t\t\t\t\t\t\t\t\t\t\t<div class=\"wd-post-date wd-style-with-bg\">\n\t\t\t\t<span class=\"post-date-day\">\n\t\t\t\t\t29\t\t\t\t<\/span>\n\t\t\t\t<span class=\"post-date-month\">\n\t\t\t\t\tjan\t\t\t\t<\/span>\n\t\t\t<\/div>\n\t\t\t\t\t\t\t\t\t\t\t<a class=\"wd-post-link wd-fill\" href=\"https:\/\/curante.net\/segundo-cerebro-5-dicas-cruciais-para-proteger-sua-saude-intestinal\/\" rel=\"bookmark\" aria-label=\"Link no post Segundo C\u00e9rebro: 5 Dicas Cruciais para Proteger sua Sa\u00fade Intestinal\"><\/a>\n\t\t\t\t\t<\/div>\n\n\t\t<div class=\"wd-post-content\">\n\t\t\t<div class=\"wd-post-content-inner wd-scroll\">\n\t\t\t\t\t\t\t\t\t\t\t\t\t<h3 class=\"wd-post-title wd-entities-title title post-title\">\n\t\t\t\t\t\t<a href=\"https:\/\/curante.net\/segundo-cerebro-5-dicas-cruciais-para-proteger-sua-saude-intestinal\/\" rel=\"bookmark\">\n\t\t\t\t\t\t\tSegundo C\u00e9rebro: 5 Dicas Cruciais para Proteger sua Sa\u00fade Intestinal\t\t\t\t\t\t<\/a>\n\t\t\t\t\t<\/h3>\n\t\t\t\t\t\t\t\t\t\t\t\t\t<div class=\"wd-post-excerpt wd-scroll-content\">\n\t\t\t\t\t\t\t\t\t\t\t\t\tVoc\u00ea sabia que cerca de 90% da nossa serotonina ,o horm\u00f4nio do bem-estar\u00a0 \u00e9 produzida no intestino? Por muito tempo, acreditamos que esse \u00f3rg\u00e3o servia apenas para a digest\u00e3o, mas a ci\u00eancia moderna e not\u00edcias recentes de 2025 refor\u00e7am um...\t\t\t\t\t\t\t\t\t\t\t<\/div>\n\t\t\t\t\t\t\t<\/div>\n\t\t\t\t\t\t\t\t\t\t\t\t<div class=\"wd-post-read-more wd-style-btn\">\n\t\t\t\t\t\t<a class=\" btn\" href=\"https:\/\/curante.net\/segundo-cerebro-5-dicas-cruciais-para-proteger-sua-saude-intestinal\/\">Leia Mais<\/a>\t\t\t\t\t<\/div>\n\t\t\t\t\t\t\t\t\t<\/div>\n\t<\/div>\n<\/article>\n\t\t\t\t\t\t\t\t\t\t\t\n<article id=\"post-18651\" class=\"wd-post blog-design-list blog-post-loop blog-style-flat post-18651 post type-post status-publish format-standard has-post-thumbnail hentry category-dicas category-foco\">\n\t<div class=\"wd-post-inner\">\n\t\t<div class=\"wd-post-thumb\">\n\t\t\t\t\t\t\t<div class=\"wd-post-img\">\n\t\t\t\t\t<img width=\"1300\" height=\"650\" src=\"https:\/\/curante.net\/wp-content\/uploads\/2026\/01\/imagens-blog-curante-17-1300x650.jpg\" class=\"attachment-large size-large\" alt=\"\" decoding=\"async\" srcset=\"https:\/\/curante.net\/wp-content\/uploads\/2026\/01\/imagens-blog-curante-17-1300x650.jpg 1300w, https:\/\/curante.net\/wp-content\/uploads\/2026\/01\/imagens-blog-curante-17-400x200.jpg 400w, https:\/\/curante.net\/wp-content\/uploads\/2026\/01\/imagens-blog-curante-17-768x384.jpg 768w, https:\/\/curante.net\/wp-content\/uploads\/2026\/01\/imagens-blog-curante-17-1536x768.jpg 1536w, https:\/\/curante.net\/wp-content\/uploads\/2026\/01\/imagens-blog-curante-17-2048x1024.jpg 2048w, https:\/\/curante.net\/wp-content\/uploads\/2026\/01\/imagens-blog-curante-17-430x215.jpg 430w, https:\/\/curante.net\/wp-content\/uploads\/2026\/01\/imagens-blog-curante-17-700x350.jpg 700w, https:\/\/curante.net\/wp-content\/uploads\/2026\/01\/imagens-blog-curante-17-150x75.jpg 150w\" sizes=\"(max-width: 1300px) 100vw, 1300px\" \/>\t\t\t\t<\/div>\n\t\t\t\t\t\t\t\t\t\t\t\t\t<div class=\"wd-post-date wd-style-with-bg\">\n\t\t\t\t<span class=\"post-date-day\">\n\t\t\t\t\t27\t\t\t\t<\/span>\n\t\t\t\t<span class=\"post-date-month\">\n\t\t\t\t\tjan\t\t\t\t<\/span>\n\t\t\t<\/div>\n\t\t\t\t\t\t\t\t\t\t\t<a class=\"wd-post-link wd-fill\" href=\"https:\/\/curante.net\/mente-em-foco-como-resgatar-sua-clareza-mental-e-produtividade\/\" rel=\"bookmark\" aria-label=\"Link no post Mente em Foco: Como Resgatar sua Clareza Mental e Produtividade\"><\/a>\n\t\t\t\t\t<\/div>\n\n\t\t<div class=\"wd-post-content\">\n\t\t\t<div class=\"wd-post-content-inner wd-scroll\">\n\t\t\t\t\t\t\t\t\t\t\t\t\t<h3 class=\"wd-post-title wd-entities-title title post-title\">\n\t\t\t\t\t\t<a href=\"https:\/\/curante.net\/mente-em-foco-como-resgatar-sua-clareza-mental-e-produtividade\/\" rel=\"bookmark\">\n\t\t\t\t\t\t\tMente em Foco: Como Resgatar sua Clareza Mental e Produtividade\t\t\t\t\t\t<\/a>\n\t\t\t\t\t<\/h3>\n\t\t\t\t\t\t\t\t\t\t\t\t\t<div class=\"wd-post-excerpt wd-scroll-content\">\n\t\t\t\t\t\t\t\t\t\t\t\t\tVoc\u00ea j\u00e1 sentiu que, ao final do dia, sua mente parece uma \"taberna lotada\"? Muitas abas abertas no navegador, notifica\u00e7\u00f5es que n\u00e3o param e aquela sensa\u00e7\u00e3o de que o dia passou, mas as tarefas mais importantes continuam ali, olhando para...\t\t\t\t\t\t\t\t\t\t\t<\/div>\n\t\t\t\t\t\t\t<\/div>\n\t\t\t\t\t\t\t\t\t\t\t\t<div class=\"wd-post-read-more wd-style-btn\">\n\t\t\t\t\t\t<a class=\" btn\" href=\"https:\/\/curante.net\/mente-em-foco-como-resgatar-sua-clareza-mental-e-produtividade\/\">Leia Mais<\/a>\t\t\t\t\t<\/div>\n\t\t\t\t\t\t\t\t\t<\/div>\n\t<\/div>\n<\/article>\n\t\t\t\t\t\n\t\t\t\t\t","status":"have-posts","nextPage":"https:\/\/curante.net\/dicas-de-saude\/page\/6\/?woo_ajax=1","currentPage":"https:\/\/curante.net\/dicas-de-saude\/page\/5"}