
			
				

					
				

			
		{"items":"\n\t\t\t\t\t\t\t\t\t\t\t\n<article id=\"post-18969\" class=\"wd-post blog-design-list blog-post-loop blog-style-flat post-18969 post type-post status-publish format-standard has-post-thumbnail hentry category-dicas category-novidades category-saude\">\n\t<div class=\"wd-post-inner\">\n\t\t<div class=\"wd-post-thumb\">\n\t\t\t\t\t\t\t<div class=\"wd-post-img\">\n\t\t\t\t\t<img width=\"1300\" height=\"650\" src=\"https:\/\/curante.net\/wp-content\/uploads\/2026\/02\/imagens-blog-curante-40-1300x650.jpg\" class=\"attachment-large size-large\" alt=\"\" decoding=\"async\" srcset=\"https:\/\/curante.net\/wp-content\/uploads\/2026\/02\/imagens-blog-curante-40-1300x650.jpg 1300w, https:\/\/curante.net\/wp-content\/uploads\/2026\/02\/imagens-blog-curante-40-400x200.jpg 400w, https:\/\/curante.net\/wp-content\/uploads\/2026\/02\/imagens-blog-curante-40-768x384.jpg 768w, https:\/\/curante.net\/wp-content\/uploads\/2026\/02\/imagens-blog-curante-40-1536x768.jpg 1536w, https:\/\/curante.net\/wp-content\/uploads\/2026\/02\/imagens-blog-curante-40-2048x1024.jpg 2048w, https:\/\/curante.net\/wp-content\/uploads\/2026\/02\/imagens-blog-curante-40-430x215.jpg 430w, https:\/\/curante.net\/wp-content\/uploads\/2026\/02\/imagens-blog-curante-40-700x350.jpg 700w, https:\/\/curante.net\/wp-content\/uploads\/2026\/02\/imagens-blog-curante-40-150x75.jpg 150w\" sizes=\"(max-width: 1300px) 100vw, 1300px\" \/>\t\t\t\t<\/div>\n\t\t\t\t\t\t\t\t\t\t\t\t\t<link rel=\"stylesheet\" id=\"wd-post-types-mod-date-style-bg-css\" href=\"https:\/\/curante.net\/wp-content\/themes\/woodmart\/css\/parts\/post-types-mod-date-style-bg.min.css?ver=8.2.7\" type=\"text\/css\" media=\"all\" \/> \t\t\t\t\t\t<div class=\"wd-post-date wd-style-with-bg\">\n\t\t\t\t<span class=\"post-date-day\">\n\t\t\t\t\t20\t\t\t\t<\/span>\n\t\t\t\t<span class=\"post-date-month\">\n\t\t\t\t\tfev\t\t\t\t<\/span>\n\t\t\t<\/div>\n\t\t\t\t\t\t\t\t\t\t\t<a class=\"wd-post-link wd-fill\" href=\"https:\/\/curante.net\/seus-olhos-estao-pedindo-descanso-entenda-a-fadiga-ocular-e-como-se-proteger\/\" rel=\"bookmark\" aria-label=\"Link no post Seus olhos est\u00e3o pedindo descanso? Entenda a fadiga ocular e como se proteger\"><\/a>\n\t\t\t\t\t<\/div>\n\n\t\t<div class=\"wd-post-content\">\n\t\t\t<div class=\"wd-post-content-inner wd-scroll\">\n\t\t\t\t\t\t\t\t\t\t\t\t\t<h3 class=\"wd-post-title wd-entities-title title post-title\">\n\t\t\t\t\t\t<a href=\"https:\/\/curante.net\/seus-olhos-estao-pedindo-descanso-entenda-a-fadiga-ocular-e-como-se-proteger\/\" rel=\"bookmark\">\n\t\t\t\t\t\t\tSeus olhos est\u00e3o pedindo descanso? Entenda a fadiga ocular e como se proteger\t\t\t\t\t\t<\/a>\n\t\t\t\t\t<\/h3>\n\t\t\t\t\t\t\t\t\t\t\t\t\t<div class=\"wd-post-excerpt wd-scroll-content\">\n\t\t\t\t\t\t\t\t\t\t\t\t\tVoc\u00ea j\u00e1 terminou o dia sentindo os olhos \"pesados\", secos ou com aquela ard\u00eancia inc\u00f4moda? Se a resposta \u00e9 sim, voc\u00ea faz parte de um grupo cada vez maior de pessoas que sofrem com a fadiga ocular (ou astenopia).\r\nCom o...\t\t\t\t\t\t\t\t\t\t\t<\/div>\n\t\t\t\t\t\t\t<\/div>\n\t\t\t\t\t\t\t\t\t\t\t\t<div class=\"wd-post-read-more wd-style-btn\">\n\t\t\t\t\t\t<a class=\" btn\" href=\"https:\/\/curante.net\/seus-olhos-estao-pedindo-descanso-entenda-a-fadiga-ocular-e-como-se-proteger\/\">Leia Mais<\/a>\t\t\t\t\t<\/div>\n\t\t\t\t\t\t\t\t\t<\/div>\n\t<\/div>\n<\/article>\n\t\t\t\t\t\t\t\t\t\t\t\n<article id=\"post-18965\" class=\"wd-post blog-design-list blog-post-loop blog-style-flat post-18965 post type-post status-publish format-standard has-post-thumbnail hentry category-corpo category-homens category-saude\">\n\t<div class=\"wd-post-inner\">\n\t\t<div class=\"wd-post-thumb\">\n\t\t\t\t\t\t\t<div class=\"wd-post-img\">\n\t\t\t\t\t<img width=\"1300\" height=\"650\" src=\"https:\/\/curante.net\/wp-content\/uploads\/2026\/02\/imagens-blog-curante-39-1300x650.jpg\" class=\"attachment-large size-large\" alt=\"\" decoding=\"async\" srcset=\"https:\/\/curante.net\/wp-content\/uploads\/2026\/02\/imagens-blog-curante-39-1300x650.jpg 1300w, https:\/\/curante.net\/wp-content\/uploads\/2026\/02\/imagens-blog-curante-39-400x200.jpg 400w, https:\/\/curante.net\/wp-content\/uploads\/2026\/02\/imagens-blog-curante-39-768x384.jpg 768w, https:\/\/curante.net\/wp-content\/uploads\/2026\/02\/imagens-blog-curante-39-1536x768.jpg 1536w, https:\/\/curante.net\/wp-content\/uploads\/2026\/02\/imagens-blog-curante-39-2048x1024.jpg 2048w, https:\/\/curante.net\/wp-content\/uploads\/2026\/02\/imagens-blog-curante-39-430x215.jpg 430w, https:\/\/curante.net\/wp-content\/uploads\/2026\/02\/imagens-blog-curante-39-700x350.jpg 700w, https:\/\/curante.net\/wp-content\/uploads\/2026\/02\/imagens-blog-curante-39-150x75.jpg 150w\" sizes=\"(max-width: 1300px) 100vw, 1300px\" \/>\t\t\t\t<\/div>\n\t\t\t\t\t\t\t\t\t\t\t\t\t<div class=\"wd-post-date wd-style-with-bg\">\n\t\t\t\t<span class=\"post-date-day\">\n\t\t\t\t\t20\t\t\t\t<\/span>\n\t\t\t\t<span class=\"post-date-month\">\n\t\t\t\t\tfev\t\t\t\t<\/span>\n\t\t\t<\/div>\n\t\t\t\t\t\t\t\t\t\t\t<a class=\"wd-post-link wd-fill\" href=\"https:\/\/curante.net\/alem-do-tabu-entenda-as-causas-da-disfuncao-eretil-e-como-retomar-sua-qualidade-de-vida\/\" rel=\"bookmark\" aria-label=\"Link no post Al\u00e9m do Tabu: Entenda as Causas da Disfun\u00e7\u00e3o Er\u00e9til e Como Retomar sua Qualidade de Vida\"><\/a>\n\t\t\t\t\t<\/div>\n\n\t\t<div class=\"wd-post-content\">\n\t\t\t<div class=\"wd-post-content-inner wd-scroll\">\n\t\t\t\t\t\t\t\t\t\t\t\t\t<h3 class=\"wd-post-title wd-entities-title title post-title\">\n\t\t\t\t\t\t<a href=\"https:\/\/curante.net\/alem-do-tabu-entenda-as-causas-da-disfuncao-eretil-e-como-retomar-sua-qualidade-de-vida\/\" rel=\"bookmark\">\n\t\t\t\t\t\t\tAl\u00e9m do Tabu: Entenda as Causas da Disfun\u00e7\u00e3o Er\u00e9til e Como Retomar sua Qualidade de Vida\t\t\t\t\t\t<\/a>\n\t\t\t\t\t<\/h3>\n\t\t\t\t\t\t\t\t\t\t\t\t\t<div class=\"wd-post-excerpt wd-scroll-content\">\n\t\t\t\t\t\t\t\t\t\t\t\t\tA sa\u00fade masculina tem ganhado um novo f\u00f4lego nos \u00faltimos anos. Se antes o assunto era evitado nas rodas de amigos ou consult\u00f3rios, hoje a ci\u00eancia e a informa\u00e7\u00e3o mostram que cuidar do desempenho e do bem-estar hormonal \u00e9, acima...\t\t\t\t\t\t\t\t\t\t\t<\/div>\n\t\t\t\t\t\t\t<\/div>\n\t\t\t\t\t\t\t\t\t\t\t\t<div class=\"wd-post-read-more wd-style-btn\">\n\t\t\t\t\t\t<a class=\" btn\" href=\"https:\/\/curante.net\/alem-do-tabu-entenda-as-causas-da-disfuncao-eretil-e-como-retomar-sua-qualidade-de-vida\/\">Leia Mais<\/a>\t\t\t\t\t<\/div>\n\t\t\t\t\t\t\t\t\t<\/div>\n\t<\/div>\n<\/article>\n\t\t\t\t\t\t\t\t\t\t\t\n<article id=\"post-18961\" class=\"wd-post blog-design-list blog-post-loop blog-style-flat post-18961 post type-post status-publish format-standard has-post-thumbnail hentry category-alimentacao category-corpo category-saude\">\n\t<div class=\"wd-post-inner\">\n\t\t<div class=\"wd-post-thumb\">\n\t\t\t\t\t\t\t<div class=\"wd-post-img\">\n\t\t\t\t\t<img width=\"1300\" height=\"650\" src=\"https:\/\/curante.net\/wp-content\/uploads\/2026\/02\/imagens-blog-curante-38-1300x650.jpg\" class=\"attachment-large size-large\" alt=\"\" decoding=\"async\" srcset=\"https:\/\/curante.net\/wp-content\/uploads\/2026\/02\/imagens-blog-curante-38-1300x650.jpg 1300w, https:\/\/curante.net\/wp-content\/uploads\/2026\/02\/imagens-blog-curante-38-400x200.jpg 400w, https:\/\/curante.net\/wp-content\/uploads\/2026\/02\/imagens-blog-curante-38-768x384.jpg 768w, https:\/\/curante.net\/wp-content\/uploads\/2026\/02\/imagens-blog-curante-38-1536x768.jpg 1536w, https:\/\/curante.net\/wp-content\/uploads\/2026\/02\/imagens-blog-curante-38-2048x1024.jpg 2048w, https:\/\/curante.net\/wp-content\/uploads\/2026\/02\/imagens-blog-curante-38-430x215.jpg 430w, https:\/\/curante.net\/wp-content\/uploads\/2026\/02\/imagens-blog-curante-38-700x350.jpg 700w, https:\/\/curante.net\/wp-content\/uploads\/2026\/02\/imagens-blog-curante-38-150x75.jpg 150w\" sizes=\"(max-width: 1300px) 100vw, 1300px\" \/>\t\t\t\t<\/div>\n\t\t\t\t\t\t\t\t\t\t\t\t\t<div class=\"wd-post-date wd-style-with-bg\">\n\t\t\t\t<span class=\"post-date-day\">\n\t\t\t\t\t20\t\t\t\t<\/span>\n\t\t\t\t<span class=\"post-date-month\">\n\t\t\t\t\tfev\t\t\t\t<\/span>\n\t\t\t<\/div>\n\t\t\t\t\t\t\t\t\t\t\t<a class=\"wd-post-link wd-fill\" href=\"https:\/\/curante.net\/alimentacao-na-gravidez-nutrientes-essenciais\/\" rel=\"bookmark\" aria-label=\"Link no post Nutri\u00e7\u00e3o na Gravidez: O Guia para uma Gesta\u00e7\u00e3o Saud\u00e1vel e Tranquila\"><\/a>\n\t\t\t\t\t<\/div>\n\n\t\t<div class=\"wd-post-content\">\n\t\t\t<div class=\"wd-post-content-inner wd-scroll\">\n\t\t\t\t\t\t\t\t\t\t\t\t\t<h3 class=\"wd-post-title wd-entities-title title post-title\">\n\t\t\t\t\t\t<a href=\"https:\/\/curante.net\/alimentacao-na-gravidez-nutrientes-essenciais\/\" rel=\"bookmark\">\n\t\t\t\t\t\t\tNutri\u00e7\u00e3o na Gravidez: O Guia para uma Gesta\u00e7\u00e3o Saud\u00e1vel e Tranquila\t\t\t\t\t\t<\/a>\n\t\t\t\t\t<\/h3>\n\t\t\t\t\t\t\t\t\t\t\t\t\t<div class=\"wd-post-excerpt wd-scroll-content\">\n\t\t\t\t\t\t\t\t\t\t\t\t\tA jornada da maternidade \u00e9 repleta de descobertas e, naturalmente, muitas d\u00favidas sobre o que colocar no prato. Afinal, a alimenta\u00e7\u00e3o agora n\u00e3o \u00e9 apenas para voc\u00ea, mas para a constru\u00e7\u00e3o de uma nova vida.\r\nNeste artigo, vamos explorar os nutrientes...\t\t\t\t\t\t\t\t\t\t\t<\/div>\n\t\t\t\t\t\t\t<\/div>\n\t\t\t\t\t\t\t\t\t\t\t\t<div class=\"wd-post-read-more wd-style-btn\">\n\t\t\t\t\t\t<a class=\" btn\" href=\"https:\/\/curante.net\/alimentacao-na-gravidez-nutrientes-essenciais\/\">Leia Mais<\/a>\t\t\t\t\t<\/div>\n\t\t\t\t\t\t\t\t\t<\/div>\n\t<\/div>\n<\/article>\n\t\t\t\t\t\t\t\t\t\t\t\n<article id=\"post-18946\" class=\"wd-post blog-design-list blog-post-loop blog-style-flat post-18946 post type-post status-publish format-standard has-post-thumbnail hentry category-cerebro category-idoso category-saude\">\n\t<div class=\"wd-post-inner\">\n\t\t<div class=\"wd-post-thumb\">\n\t\t\t\t\t\t\t<div class=\"wd-post-img\">\n\t\t\t\t\t<img width=\"1300\" height=\"650\" src=\"https:\/\/curante.net\/wp-content\/uploads\/2026\/02\/imagens-blog-curante-37-1300x650.jpg\" class=\"attachment-large size-large\" alt=\"\" decoding=\"async\" srcset=\"https:\/\/curante.net\/wp-content\/uploads\/2026\/02\/imagens-blog-curante-37-1300x650.jpg 1300w, https:\/\/curante.net\/wp-content\/uploads\/2026\/02\/imagens-blog-curante-37-400x200.jpg 400w, https:\/\/curante.net\/wp-content\/uploads\/2026\/02\/imagens-blog-curante-37-768x384.jpg 768w, https:\/\/curante.net\/wp-content\/uploads\/2026\/02\/imagens-blog-curante-37-1536x768.jpg 1536w, https:\/\/curante.net\/wp-content\/uploads\/2026\/02\/imagens-blog-curante-37-2048x1024.jpg 2048w, https:\/\/curante.net\/wp-content\/uploads\/2026\/02\/imagens-blog-curante-37-430x215.jpg 430w, https:\/\/curante.net\/wp-content\/uploads\/2026\/02\/imagens-blog-curante-37-700x350.jpg 700w, https:\/\/curante.net\/wp-content\/uploads\/2026\/02\/imagens-blog-curante-37-150x75.jpg 150w\" sizes=\"(max-width: 1300px) 100vw, 1300px\" \/>\t\t\t\t<\/div>\n\t\t\t\t\t\t\t\t\t\t\t\t\t<div class=\"wd-post-date wd-style-with-bg\">\n\t\t\t\t<span class=\"post-date-day\">\n\t\t\t\t\t19\t\t\t\t<\/span>\n\t\t\t\t<span class=\"post-date-month\">\n\t\t\t\t\tfev\t\t\t\t<\/span>\n\t\t\t<\/div>\n\t\t\t\t\t\t\t\t\t\t\t<a class=\"wd-post-link wd-fill\" href=\"https:\/\/curante.net\/alem-do-esquecimento-como-identificar-os-sinais-do-alzheimer-hoje\/\" rel=\"bookmark\" aria-label=\"Link no post Al\u00e9m do Esquecimento: Como Identificar os Sinais do Alzheimer Hoje\"><\/a>\n\t\t\t\t\t<\/div>\n\n\t\t<div class=\"wd-post-content\">\n\t\t\t<div class=\"wd-post-content-inner wd-scroll\">\n\t\t\t\t\t\t\t\t\t\t\t\t\t<h3 class=\"wd-post-title wd-entities-title title post-title\">\n\t\t\t\t\t\t<a href=\"https:\/\/curante.net\/alem-do-esquecimento-como-identificar-os-sinais-do-alzheimer-hoje\/\" rel=\"bookmark\">\n\t\t\t\t\t\t\tAl\u00e9m do Esquecimento: Como Identificar os Sinais do Alzheimer Hoje\t\t\t\t\t\t<\/a>\n\t\t\t\t\t<\/h3>\n\t\t\t\t\t\t\t\t\t\t\t\t\t<div class=\"wd-post-excerpt wd-scroll-content\">\n\t\t\t\t\t\t\t\t\t\t\t\t\tAo longo dos nossos 23 anos de cuidado em Bras\u00edlia, a Curante acompanhou muitas fam\u00edlias que buscam qualidade de vida e longevidade. Quando falamos em sa\u00fade cerebral, a d\u00favida mais comum \u00e9: \"Como saber se este esquecimento \u00e9 normal da...\t\t\t\t\t\t\t\t\t\t\t<\/div>\n\t\t\t\t\t\t\t<\/div>\n\t\t\t\t\t\t\t\t\t\t\t\t<div class=\"wd-post-read-more wd-style-btn\">\n\t\t\t\t\t\t<a class=\" btn\" href=\"https:\/\/curante.net\/alem-do-esquecimento-como-identificar-os-sinais-do-alzheimer-hoje\/\">Leia Mais<\/a>\t\t\t\t\t<\/div>\n\t\t\t\t\t\t\t\t\t<\/div>\n\t<\/div>\n<\/article>\n\t\t\t\t\t\t\t\t\t\t\t\n<article id=\"post-18942\" class=\"wd-post blog-design-list blog-post-loop blog-style-flat post-18942 post type-post status-publish format-standard has-post-thumbnail hentry category-dicas category-idoso category-suplementos\">\n\t<div class=\"wd-post-inner\">\n\t\t<div class=\"wd-post-thumb\">\n\t\t\t\t\t\t\t<div class=\"wd-post-img\">\n\t\t\t\t\t<img width=\"1300\" height=\"650\" src=\"https:\/\/curante.net\/wp-content\/uploads\/2026\/02\/imagens-blog-curante-36-1300x650.jpg\" class=\"attachment-large size-large\" alt=\"\" decoding=\"async\" srcset=\"https:\/\/curante.net\/wp-content\/uploads\/2026\/02\/imagens-blog-curante-36-1300x650.jpg 1300w, https:\/\/curante.net\/wp-content\/uploads\/2026\/02\/imagens-blog-curante-36-400x200.jpg 400w, https:\/\/curante.net\/wp-content\/uploads\/2026\/02\/imagens-blog-curante-36-768x384.jpg 768w, https:\/\/curante.net\/wp-content\/uploads\/2026\/02\/imagens-blog-curante-36-1536x768.jpg 1536w, https:\/\/curante.net\/wp-content\/uploads\/2026\/02\/imagens-blog-curante-36-2048x1024.jpg 2048w, https:\/\/curante.net\/wp-content\/uploads\/2026\/02\/imagens-blog-curante-36-430x215.jpg 430w, https:\/\/curante.net\/wp-content\/uploads\/2026\/02\/imagens-blog-curante-36-700x350.jpg 700w, https:\/\/curante.net\/wp-content\/uploads\/2026\/02\/imagens-blog-curante-36-150x75.jpg 150w\" sizes=\"(max-width: 1300px) 100vw, 1300px\" \/>\t\t\t\t<\/div>\n\t\t\t\t\t\t\t\t\t\t\t\t\t<div class=\"wd-post-date wd-style-with-bg\">\n\t\t\t\t<span class=\"post-date-day\">\n\t\t\t\t\t19\t\t\t\t<\/span>\n\t\t\t\t<span class=\"post-date-month\">\n\t\t\t\t\tfev\t\t\t\t<\/span>\n\t\t\t<\/div>\n\t\t\t\t\t\t\t\t\t\t\t<a class=\"wd-post-link wd-fill\" href=\"https:\/\/curante.net\/sarcopenia-o-que-e-e-como-manter-a-forca-e-autonomia-em-qualquer-idade\/\" rel=\"bookmark\" aria-label=\"Link no post Sarcopenia: O que \u00e9 e como manter a for\u00e7a e autonomia em qualquer idade\"><\/a>\n\t\t\t\t\t<\/div>\n\n\t\t<div class=\"wd-post-content\">\n\t\t\t<div class=\"wd-post-content-inner wd-scroll\">\n\t\t\t\t\t\t\t\t\t\t\t\t\t<h3 class=\"wd-post-title wd-entities-title title post-title\">\n\t\t\t\t\t\t<a href=\"https:\/\/curante.net\/sarcopenia-o-que-e-e-como-manter-a-forca-e-autonomia-em-qualquer-idade\/\" rel=\"bookmark\">\n\t\t\t\t\t\t\tSarcopenia: O que \u00e9 e como manter a for\u00e7a e autonomia em qualquer idade\t\t\t\t\t\t<\/a>\n\t\t\t\t\t<\/h3>\n\t\t\t\t\t\t\t\t\t\t\t\t\t<div class=\"wd-post-excerpt wd-scroll-content\">\n\t\t\t\t\t\t\t\t\t\t\t\t\tCom o passar dos anos, \u00e9 comum sentirmos que o corpo j\u00e1 n\u00e3o responde da mesma forma. Aquela facilidade para subir uma escada ou carregar as compras do mercado parece exigir um esfor\u00e7o maior. Embora muitos acreditem que isso \u00e9...\t\t\t\t\t\t\t\t\t\t\t<\/div>\n\t\t\t\t\t\t\t<\/div>\n\t\t\t\t\t\t\t\t\t\t\t\t<div class=\"wd-post-read-more wd-style-btn\">\n\t\t\t\t\t\t<a class=\" btn\" href=\"https:\/\/curante.net\/sarcopenia-o-que-e-e-como-manter-a-forca-e-autonomia-em-qualquer-idade\/\">Leia Mais<\/a>\t\t\t\t\t<\/div>\n\t\t\t\t\t\t\t\t\t<\/div>\n\t<\/div>\n<\/article>\n\t\t\t\t\t\t\t\t\t\t\t\n<article id=\"post-18938\" class=\"wd-post blog-design-list blog-post-loop blog-style-flat post-18938 post type-post status-publish format-standard has-post-thumbnail hentry category-corpo category-dieta\">\n\t<div class=\"wd-post-inner\">\n\t\t<div class=\"wd-post-thumb\">\n\t\t\t\t\t\t\t<div class=\"wd-post-img\">\n\t\t\t\t\t<img width=\"1300\" height=\"650\" src=\"https:\/\/curante.net\/wp-content\/uploads\/2026\/02\/imagens-blog-curante-35-1300x650.jpg\" class=\"attachment-large size-large\" alt=\"\" decoding=\"async\" srcset=\"https:\/\/curante.net\/wp-content\/uploads\/2026\/02\/imagens-blog-curante-35-1300x650.jpg 1300w, https:\/\/curante.net\/wp-content\/uploads\/2026\/02\/imagens-blog-curante-35-400x200.jpg 400w, https:\/\/curante.net\/wp-content\/uploads\/2026\/02\/imagens-blog-curante-35-768x384.jpg 768w, https:\/\/curante.net\/wp-content\/uploads\/2026\/02\/imagens-blog-curante-35-1536x768.jpg 1536w, https:\/\/curante.net\/wp-content\/uploads\/2026\/02\/imagens-blog-curante-35-2048x1024.jpg 2048w, https:\/\/curante.net\/wp-content\/uploads\/2026\/02\/imagens-blog-curante-35-430x215.jpg 430w, https:\/\/curante.net\/wp-content\/uploads\/2026\/02\/imagens-blog-curante-35-700x350.jpg 700w, https:\/\/curante.net\/wp-content\/uploads\/2026\/02\/imagens-blog-curante-35-150x75.jpg 150w\" sizes=\"(max-width: 1300px) 100vw, 1300px\" \/>\t\t\t\t<\/div>\n\t\t\t\t\t\t\t\t\t\t\t\t\t<div class=\"wd-post-date wd-style-with-bg\">\n\t\t\t\t<span class=\"post-date-day\">\n\t\t\t\t\t19\t\t\t\t<\/span>\n\t\t\t\t<span class=\"post-date-month\">\n\t\t\t\t\tfev\t\t\t\t<\/span>\n\t\t\t<\/div>\n\t\t\t\t\t\t\t\t\t\t\t<a class=\"wd-post-link wd-fill\" href=\"https:\/\/curante.net\/como-cuidar-do-coracao-pequenos-habitos-que-transformam-sua-longevidade\/\" rel=\"bookmark\" aria-label=\"Link no post Como Cuidar do Cora\u00e7\u00e3o: Pequenos H\u00e1bitos que Transformam sua Longevidade\"><\/a>\n\t\t\t\t\t<\/div>\n\n\t\t<div class=\"wd-post-content\">\n\t\t\t<div class=\"wd-post-content-inner wd-scroll\">\n\t\t\t\t\t\t\t\t\t\t\t\t\t<h3 class=\"wd-post-title wd-entities-title title post-title\">\n\t\t\t\t\t\t<a href=\"https:\/\/curante.net\/como-cuidar-do-coracao-pequenos-habitos-que-transformam-sua-longevidade\/\" rel=\"bookmark\">\n\t\t\t\t\t\t\tComo Cuidar do Cora\u00e7\u00e3o: Pequenos H\u00e1bitos que Transformam sua Longevidade\t\t\t\t\t\t<\/a>\n\t\t\t\t\t<\/h3>\n\t\t\t\t\t\t\t\t\t\t\t\t\t<div class=\"wd-post-excerpt wd-scroll-content\">\n\t\t\t\t\t\t\t\t\t\t\t\t\tVoc\u00ea sabia que, segundo dados recentes de 2025 e 2026, as doen\u00e7as cardiovasculares ainda s\u00e3o a principal causa de aten\u00e7\u00e3o na sa\u00fade dos brasileiros? A boa not\u00edcia \u00e9 que cerca de 80% desses problemas podem ser evitados com mudan\u00e7as no...\t\t\t\t\t\t\t\t\t\t\t<\/div>\n\t\t\t\t\t\t\t<\/div>\n\t\t\t\t\t\t\t\t\t\t\t\t<div class=\"wd-post-read-more wd-style-btn\">\n\t\t\t\t\t\t<a class=\" btn\" href=\"https:\/\/curante.net\/como-cuidar-do-coracao-pequenos-habitos-que-transformam-sua-longevidade\/\">Leia Mais<\/a>\t\t\t\t\t<\/div>\n\t\t\t\t\t\t\t\t\t<\/div>\n\t<\/div>\n<\/article>\n\t\t\t\t\t\t\t\t\t\t\t\n<article id=\"post-18918\" class=\"wd-post blog-design-list blog-post-loop blog-style-flat post-18918 post type-post status-publish format-standard has-post-thumbnail hentry category-dicas category-saude\">\n\t<div class=\"wd-post-inner\">\n\t\t<div class=\"wd-post-thumb\">\n\t\t\t\t\t\t\t<div class=\"wd-post-img\">\n\t\t\t\t\t<img width=\"1300\" height=\"650\" src=\"https:\/\/curante.net\/wp-content\/uploads\/2026\/02\/imagens-blog-curante-34-1300x650.jpg\" class=\"attachment-large size-large\" alt=\"\" decoding=\"async\" srcset=\"https:\/\/curante.net\/wp-content\/uploads\/2026\/02\/imagens-blog-curante-34-1300x650.jpg 1300w, https:\/\/curante.net\/wp-content\/uploads\/2026\/02\/imagens-blog-curante-34-400x200.jpg 400w, https:\/\/curante.net\/wp-content\/uploads\/2026\/02\/imagens-blog-curante-34-768x384.jpg 768w, https:\/\/curante.net\/wp-content\/uploads\/2026\/02\/imagens-blog-curante-34-1536x768.jpg 1536w, https:\/\/curante.net\/wp-content\/uploads\/2026\/02\/imagens-blog-curante-34-2048x1024.jpg 2048w, https:\/\/curante.net\/wp-content\/uploads\/2026\/02\/imagens-blog-curante-34-430x215.jpg 430w, https:\/\/curante.net\/wp-content\/uploads\/2026\/02\/imagens-blog-curante-34-700x350.jpg 700w, https:\/\/curante.net\/wp-content\/uploads\/2026\/02\/imagens-blog-curante-34-150x75.jpg 150w\" sizes=\"(max-width: 1300px) 100vw, 1300px\" \/>\t\t\t\t<\/div>\n\t\t\t\t\t\t\t\t\t\t\t\t\t<div class=\"wd-post-date wd-style-with-bg\">\n\t\t\t\t<span class=\"post-date-day\">\n\t\t\t\t\t18\t\t\t\t<\/span>\n\t\t\t\t<span class=\"post-date-month\">\n\t\t\t\t\tfev\t\t\t\t<\/span>\n\t\t\t<\/div>\n\t\t\t\t\t\t\t\t\t\t\t<a class=\"wd-post-link wd-fill\" href=\"https:\/\/curante.net\/saude-mental-na-era-digital-como-desconectar-para-se-reconectar-com-voce\/\" rel=\"bookmark\" aria-label=\"Link no post Sa\u00fade Mental na Era Digital: Como desconectar para se reconectar com voc\u00ea\"><\/a>\n\t\t\t\t\t<\/div>\n\n\t\t<div class=\"wd-post-content\">\n\t\t\t<div class=\"wd-post-content-inner wd-scroll\">\n\t\t\t\t\t\t\t\t\t\t\t\t\t<h3 class=\"wd-post-title wd-entities-title title post-title\">\n\t\t\t\t\t\t<a href=\"https:\/\/curante.net\/saude-mental-na-era-digital-como-desconectar-para-se-reconectar-com-voce\/\" rel=\"bookmark\">\n\t\t\t\t\t\t\tSa\u00fade Mental na Era Digital: Como desconectar para se reconectar com voc\u00ea\t\t\t\t\t\t<\/a>\n\t\t\t\t\t<\/h3>\n\t\t\t\t\t\t\t\t\t\t\t\t\t<div class=\"wd-post-excerpt wd-scroll-content\">\n\t\t\t\t\t\t\t\t\t\t\t\t\tVoc\u00ea j\u00e1 sentiu que, mesmo parado, sua mente est\u00e1 correndo uma maratona? Em 2026, a hiperconex\u00e3o se tornou parte do nosso DNA, mas o pre\u00e7o tem aparecido na balan\u00e7a da nossa sa\u00fade mental. Entre notifica\u00e7\u00f5es do WhatsApp, reuni\u00f5es por v\u00eddeo...\t\t\t\t\t\t\t\t\t\t\t<\/div>\n\t\t\t\t\t\t\t<\/div>\n\t\t\t\t\t\t\t\t\t\t\t\t<div class=\"wd-post-read-more wd-style-btn\">\n\t\t\t\t\t\t<a class=\" btn\" href=\"https:\/\/curante.net\/saude-mental-na-era-digital-como-desconectar-para-se-reconectar-com-voce\/\">Leia Mais<\/a>\t\t\t\t\t<\/div>\n\t\t\t\t\t\t\t\t\t<\/div>\n\t<\/div>\n<\/article>\n\t\t\t\t\t\t\t\t\t\t\t\n<article id=\"post-18887\" class=\"wd-post blog-design-list blog-post-loop blog-style-flat post-18887 post type-post status-publish format-standard has-post-thumbnail hentry category-dicas category-idoso\">\n\t<div class=\"wd-post-inner\">\n\t\t<div class=\"wd-post-thumb\">\n\t\t\t\t\t\t\t<div class=\"wd-post-img\">\n\t\t\t\t\t<img width=\"1300\" height=\"650\" src=\"https:\/\/curante.net\/wp-content\/uploads\/2026\/02\/imagens-blog-curante-33-1300x650.jpg\" class=\"attachment-large size-large\" alt=\"\" decoding=\"async\" srcset=\"https:\/\/curante.net\/wp-content\/uploads\/2026\/02\/imagens-blog-curante-33-1300x650.jpg 1300w, https:\/\/curante.net\/wp-content\/uploads\/2026\/02\/imagens-blog-curante-33-400x200.jpg 400w, https:\/\/curante.net\/wp-content\/uploads\/2026\/02\/imagens-blog-curante-33-768x384.jpg 768w, https:\/\/curante.net\/wp-content\/uploads\/2026\/02\/imagens-blog-curante-33-1536x768.jpg 1536w, https:\/\/curante.net\/wp-content\/uploads\/2026\/02\/imagens-blog-curante-33-2048x1024.jpg 2048w, https:\/\/curante.net\/wp-content\/uploads\/2026\/02\/imagens-blog-curante-33-430x215.jpg 430w, https:\/\/curante.net\/wp-content\/uploads\/2026\/02\/imagens-blog-curante-33-700x350.jpg 700w, https:\/\/curante.net\/wp-content\/uploads\/2026\/02\/imagens-blog-curante-33-150x75.jpg 150w\" sizes=\"(max-width: 1300px) 100vw, 1300px\" \/>\t\t\t\t<\/div>\n\t\t\t\t\t\t\t\t\t\t\t\t\t<div class=\"wd-post-date wd-style-with-bg\">\n\t\t\t\t<span class=\"post-date-day\">\n\t\t\t\t\t13\t\t\t\t<\/span>\n\t\t\t\t<span class=\"post-date-month\">\n\t\t\t\t\tfev\t\t\t\t<\/span>\n\t\t\t<\/div>\n\t\t\t\t\t\t\t\t\t\t\t<a class=\"wd-post-link wd-fill\" href=\"https:\/\/curante.net\/cuidado-com-idosos-como-facilitar-a-rotina-de-quem-toma-muitos-medicamentos\/\" rel=\"bookmark\" aria-label=\"Link no post Cuidado com Idosos: Como Facilitar a Rotina de Quem Toma Muitos Medicamentos?\"><\/a>\n\t\t\t\t\t<\/div>\n\n\t\t<div class=\"wd-post-content\">\n\t\t\t<div class=\"wd-post-content-inner wd-scroll\">\n\t\t\t\t\t\t\t\t\t\t\t\t\t<h3 class=\"wd-post-title wd-entities-title title post-title\">\n\t\t\t\t\t\t<a href=\"https:\/\/curante.net\/cuidado-com-idosos-como-facilitar-a-rotina-de-quem-toma-muitos-medicamentos\/\" rel=\"bookmark\">\n\t\t\t\t\t\t\tCuidado com Idosos: Como Facilitar a Rotina de Quem Toma Muitos Medicamentos?\t\t\t\t\t\t<\/a>\n\t\t\t\t\t<\/h3>\n\t\t\t\t\t\t\t\t\t\t\t\t\t<div class=\"wd-post-excerpt wd-scroll-content\">\n\t\t\t\t\t\t\t\t\t\t\t\t\tChegar \u00e0 terceira idade com qualidade de vida \u00e9 um objetivo comum, mas muitas vezes esse caminho vem acompanhado de um desafio conhecido como polifarm\u00e1cia. Esse termo nada mais \u00e9 do que o uso di\u00e1rio de cinco ou mais medicamentos...\t\t\t\t\t\t\t\t\t\t\t<\/div>\n\t\t\t\t\t\t\t<\/div>\n\t\t\t\t\t\t\t\t\t\t\t\t<div class=\"wd-post-read-more wd-style-btn\">\n\t\t\t\t\t\t<a class=\" btn\" href=\"https:\/\/curante.net\/cuidado-com-idosos-como-facilitar-a-rotina-de-quem-toma-muitos-medicamentos\/\">Leia Mais<\/a>\t\t\t\t\t<\/div>\n\t\t\t\t\t\t\t\t\t<\/div>\n\t<\/div>\n<\/article>\n\t\t\t\t\t\t\t\t\t\t\t\n<article id=\"post-18881\" class=\"wd-post blog-design-list blog-post-loop blog-style-flat post-18881 post type-post status-publish format-standard has-post-thumbnail hentry category-cerebro category-dicas category-foco\">\n\t<div class=\"wd-post-inner\">\n\t\t<div class=\"wd-post-thumb\">\n\t\t\t\t\t\t\t<div class=\"wd-post-img\">\n\t\t\t\t\t<img width=\"1300\" height=\"650\" src=\"https:\/\/curante.net\/wp-content\/uploads\/2026\/02\/imagens-blog-curante-32-1300x650.jpg\" class=\"attachment-large size-large\" alt=\"\" decoding=\"async\" srcset=\"https:\/\/curante.net\/wp-content\/uploads\/2026\/02\/imagens-blog-curante-32-1300x650.jpg 1300w, https:\/\/curante.net\/wp-content\/uploads\/2026\/02\/imagens-blog-curante-32-400x200.jpg 400w, https:\/\/curante.net\/wp-content\/uploads\/2026\/02\/imagens-blog-curante-32-768x384.jpg 768w, https:\/\/curante.net\/wp-content\/uploads\/2026\/02\/imagens-blog-curante-32-1536x768.jpg 1536w, https:\/\/curante.net\/wp-content\/uploads\/2026\/02\/imagens-blog-curante-32-2048x1024.jpg 2048w, https:\/\/curante.net\/wp-content\/uploads\/2026\/02\/imagens-blog-curante-32-430x215.jpg 430w, https:\/\/curante.net\/wp-content\/uploads\/2026\/02\/imagens-blog-curante-32-700x350.jpg 700w, https:\/\/curante.net\/wp-content\/uploads\/2026\/02\/imagens-blog-curante-32-150x75.jpg 150w\" sizes=\"(max-width: 1300px) 100vw, 1300px\" \/>\t\t\t\t<\/div>\n\t\t\t\t\t\t\t\t\t\t\t\t\t<div class=\"wd-post-date wd-style-with-bg\">\n\t\t\t\t<span class=\"post-date-day\">\n\t\t\t\t\t13\t\t\t\t<\/span>\n\t\t\t\t<span class=\"post-date-month\">\n\t\t\t\t\tfev\t\t\t\t<\/span>\n\t\t\t<\/div>\n\t\t\t\t\t\t\t\t\t\t\t<a class=\"wd-post-link wd-fill\" href=\"https:\/\/curante.net\/volta-as-aulas-o-combo-do-estudante-para-turbinar-o-cerebro\/\" rel=\"bookmark\" aria-label=\"Link no post Volta \u00e0s Aulas: O &#8220;Combo do Estudante&#8221; para Turbinar o C\u00e9rebro\"><\/a>\n\t\t\t\t\t<\/div>\n\n\t\t<div class=\"wd-post-content\">\n\t\t\t<div class=\"wd-post-content-inner wd-scroll\">\n\t\t\t\t\t\t\t\t\t\t\t\t\t<h3 class=\"wd-post-title wd-entities-title title post-title\">\n\t\t\t\t\t\t<a href=\"https:\/\/curante.net\/volta-as-aulas-o-combo-do-estudante-para-turbinar-o-cerebro\/\" rel=\"bookmark\">\n\t\t\t\t\t\t\tVolta \u00e0s Aulas: O &#8220;Combo do Estudante&#8221; para Turbinar o C\u00e9rebro\t\t\t\t\t\t<\/a>\n\t\t\t\t\t<\/h3>\n\t\t\t\t\t\t\t\t\t\t\t\t\t<div class=\"wd-post-excerpt wd-scroll-content\">\n\t\t\t\t\t\t\t\t\t\t\t\t\tO in\u00edcio de um novo semestre ou ano letivo traz sempre aquele frio na barriga, n\u00e3o \u00e9? Livros novos, novos desafios e uma rotina que exige muito do nosso \"processador central\": o c\u00e9rebro. Mas voc\u00ea j\u00e1 parou para pensar se...\t\t\t\t\t\t\t\t\t\t\t<\/div>\n\t\t\t\t\t\t\t<\/div>\n\t\t\t\t\t\t\t\t\t\t\t\t<div class=\"wd-post-read-more wd-style-btn\">\n\t\t\t\t\t\t<a class=\" btn\" href=\"https:\/\/curante.net\/volta-as-aulas-o-combo-do-estudante-para-turbinar-o-cerebro\/\">Leia Mais<\/a>\t\t\t\t\t<\/div>\n\t\t\t\t\t\t\t\t\t<\/div>\n\t<\/div>\n<\/article>\n\t\t\t\t\t\t\t\t\t\t\t\n<article id=\"post-18836\" class=\"wd-post blog-design-list blog-post-loop blog-style-flat post-18836 post type-post status-publish format-standard has-post-thumbnail hentry category-dicas category-novidade-no-mercado\">\n\t<div class=\"wd-post-inner\">\n\t\t<div class=\"wd-post-thumb\">\n\t\t\t\t\t\t\t<div class=\"wd-post-img\">\n\t\t\t\t\t<img width=\"1300\" height=\"650\" src=\"https:\/\/curante.net\/wp-content\/uploads\/2026\/02\/imagens-blog-curante-31-1300x650.jpg\" class=\"attachment-large size-large\" alt=\"\" decoding=\"async\" srcset=\"https:\/\/curante.net\/wp-content\/uploads\/2026\/02\/imagens-blog-curante-31-1300x650.jpg 1300w, https:\/\/curante.net\/wp-content\/uploads\/2026\/02\/imagens-blog-curante-31-400x200.jpg 400w, https:\/\/curante.net\/wp-content\/uploads\/2026\/02\/imagens-blog-curante-31-768x384.jpg 768w, https:\/\/curante.net\/wp-content\/uploads\/2026\/02\/imagens-blog-curante-31-1536x768.jpg 1536w, https:\/\/curante.net\/wp-content\/uploads\/2026\/02\/imagens-blog-curante-31-2048x1024.jpg 2048w, https:\/\/curante.net\/wp-content\/uploads\/2026\/02\/imagens-blog-curante-31-430x215.jpg 430w, https:\/\/curante.net\/wp-content\/uploads\/2026\/02\/imagens-blog-curante-31-700x350.jpg 700w, https:\/\/curante.net\/wp-content\/uploads\/2026\/02\/imagens-blog-curante-31-150x75.jpg 150w\" sizes=\"(max-width: 1300px) 100vw, 1300px\" \/>\t\t\t\t<\/div>\n\t\t\t\t\t\t\t\t\t\t\t\t\t<div class=\"wd-post-date wd-style-with-bg\">\n\t\t\t\t<span class=\"post-date-day\">\n\t\t\t\t\t10\t\t\t\t<\/span>\n\t\t\t\t<span class=\"post-date-month\">\n\t\t\t\t\tfev\t\t\t\t<\/span>\n\t\t\t<\/div>\n\t\t\t\t\t\t\t\t\t\t\t<a class=\"wd-post-link wd-fill\" href=\"https:\/\/curante.net\/como-organizar-sua-caixinha-de-remedios-dicas-para-evitar-erros-e-garantir-sua-seguranca\/\" rel=\"bookmark\" aria-label=\"Link no post Como Organizar sua Caixinha de Rem\u00e9dios: Dicas para evitar erros e garantir sua seguran\u00e7a\"><\/a>\n\t\t\t\t\t<\/div>\n\n\t\t<div class=\"wd-post-content\">\n\t\t\t<div class=\"wd-post-content-inner wd-scroll\">\n\t\t\t\t\t\t\t\t\t\t\t\t\t<h3 class=\"wd-post-title wd-entities-title title post-title\">\n\t\t\t\t\t\t<a href=\"https:\/\/curante.net\/como-organizar-sua-caixinha-de-remedios-dicas-para-evitar-erros-e-garantir-sua-seguranca\/\" rel=\"bookmark\">\n\t\t\t\t\t\t\tComo Organizar sua Caixinha de Rem\u00e9dios: Dicas para evitar erros e garantir sua seguran\u00e7a\t\t\t\t\t\t<\/a>\n\t\t\t\t\t<\/h3>\n\t\t\t\t\t\t\t\t\t\t\t\t\t<div class=\"wd-post-excerpt wd-scroll-content\">\n\t\t\t\t\t\t\t\t\t\t\t\t\tQuem nunca abriu a gaveta de rem\u00e9dios e se sentiu perdido entre cartelas cortadas e caixas vazias? Ter uma caixinha de rem\u00e9dios organizada n\u00e3o \u00e9 apenas uma quest\u00e3o de est\u00e9tica ou \"limpeza\", mas sim de sa\u00fade. Erros na administra\u00e7\u00e3o de...\t\t\t\t\t\t\t\t\t\t\t<\/div>\n\t\t\t\t\t\t\t<\/div>\n\t\t\t\t\t\t\t\t\t\t\t\t<div class=\"wd-post-read-more wd-style-btn\">\n\t\t\t\t\t\t<a class=\" btn\" href=\"https:\/\/curante.net\/como-organizar-sua-caixinha-de-remedios-dicas-para-evitar-erros-e-garantir-sua-seguranca\/\">Leia Mais<\/a>\t\t\t\t\t<\/div>\n\t\t\t\t\t\t\t\t\t<\/div>\n\t<\/div>\n<\/article>\n\t\t\t\t\t\n\t\t\t\t\t","status":"have-posts","nextPage":"https:\/\/curante.net\/dicas-de-saude\/page\/5\/?woo_ajax=1","currentPage":"https:\/\/curante.net\/dicas-de-saude\/page\/4"}