
			
				

					
				

			
		{"items":"\n\t\t\t\t\t\t\t\t\t\t\t\n<article id=\"post-19168\" class=\"wd-post blog-design-list blog-post-loop blog-style-flat post-19168 post type-post status-publish format-standard has-post-thumbnail hentry category-corpo category-muscular\">\n\t<div class=\"wd-post-inner\">\n\t\t<div class=\"wd-post-thumb\">\n\t\t\t\t\t\t\t<div class=\"wd-post-img\">\n\t\t\t\t\t<img width=\"1300\" height=\"650\" src=\"https:\/\/curante.net\/wp-content\/uploads\/2026\/03\/imagens-blog-curante-49-1300x650.jpg\" class=\"attachment-large size-large\" alt=\"\" decoding=\"async\" srcset=\"https:\/\/curante.net\/wp-content\/uploads\/2026\/03\/imagens-blog-curante-49-1300x650.jpg 1300w, https:\/\/curante.net\/wp-content\/uploads\/2026\/03\/imagens-blog-curante-49-400x200.jpg 400w, https:\/\/curante.net\/wp-content\/uploads\/2026\/03\/imagens-blog-curante-49-768x384.jpg 768w, https:\/\/curante.net\/wp-content\/uploads\/2026\/03\/imagens-blog-curante-49-1536x768.jpg 1536w, https:\/\/curante.net\/wp-content\/uploads\/2026\/03\/imagens-blog-curante-49-2048x1024.jpg 2048w, https:\/\/curante.net\/wp-content\/uploads\/2026\/03\/imagens-blog-curante-49-430x215.jpg 430w, https:\/\/curante.net\/wp-content\/uploads\/2026\/03\/imagens-blog-curante-49-700x350.jpg 700w, https:\/\/curante.net\/wp-content\/uploads\/2026\/03\/imagens-blog-curante-49-150x75.jpg 150w\" sizes=\"(max-width: 1300px) 100vw, 1300px\" \/>\t\t\t\t<\/div>\n\t\t\t\t\t\t\t\t\t\t\t\t\t<link rel=\"stylesheet\" id=\"wd-post-types-mod-date-style-bg-css\" href=\"https:\/\/curante.net\/wp-content\/themes\/woodmart\/css\/parts\/post-types-mod-date-style-bg.min.css?ver=8.2.7\" type=\"text\/css\" media=\"all\" \/> \t\t\t\t\t\t<div class=\"wd-post-date wd-style-with-bg\">\n\t\t\t\t<span class=\"post-date-day\">\n\t\t\t\t\t11\t\t\t\t<\/span>\n\t\t\t\t<span class=\"post-date-month\">\n\t\t\t\t\tmar\t\t\t\t<\/span>\n\t\t\t<\/div>\n\t\t\t\t\t\t\t\t\t\t\t<a class=\"wd-post-link wd-fill\" href=\"https:\/\/curante.net\/liberdade-de-movimento-o-papel-do-colageno-no-alivio-de-dores-e-inflamacoes-articulares\/\" rel=\"bookmark\" aria-label=\"Link no post Liberdade de Movimento: O Papel do Col\u00e1geno no Al\u00edvio de Dores e Inflama\u00e7\u00f5es Articulares\"><\/a>\n\t\t\t\t\t<\/div>\n\n\t\t<div class=\"wd-post-content\">\n\t\t\t<div class=\"wd-post-content-inner wd-scroll\">\n\t\t\t\t\t\t\t\t\t\t\t\t\t<h3 class=\"wd-post-title wd-entities-title title post-title\">\n\t\t\t\t\t\t<a href=\"https:\/\/curante.net\/liberdade-de-movimento-o-papel-do-colageno-no-alivio-de-dores-e-inflamacoes-articulares\/\" rel=\"bookmark\">\n\t\t\t\t\t\t\tLiberdade de Movimento: O Papel do Col\u00e1geno no Al\u00edvio de Dores e Inflama\u00e7\u00f5es Articulares\t\t\t\t\t\t<\/a>\n\t\t\t\t\t<\/h3>\n\t\t\t\t\t\t\t\t\t\t\t\t\t<div class=\"wd-post-excerpt wd-scroll-content\">\n\t\t\t\t\t\t\t\t\t\t\t\t\tVoc\u00ea j\u00e1 sentiu aquele \"estalo\" ou uma rigidez inc\u00f4moda ao se levantar pela manh\u00e3? Para muitos brasilienses que buscam um estilo de vida ativo, seja caminhando no Parque da Cidade ou encarando a rotina de trabalho, a sa\u00fade das articula\u00e7\u00f5es...\t\t\t\t\t\t\t\t\t\t\t<\/div>\n\t\t\t\t\t\t\t<\/div>\n\t\t\t\t\t\t\t\t\t\t\t\t<div class=\"wd-post-read-more wd-style-btn\">\n\t\t\t\t\t\t<a class=\" btn\" href=\"https:\/\/curante.net\/liberdade-de-movimento-o-papel-do-colageno-no-alivio-de-dores-e-inflamacoes-articulares\/\">Leia Mais<\/a>\t\t\t\t\t<\/div>\n\t\t\t\t\t\t\t\t\t<\/div>\n\t<\/div>\n<\/article>\n\t\t\t\t\t\t\t\t\t\t\t\n<article id=\"post-19131\" class=\"wd-post blog-design-list blog-post-loop blog-style-flat post-19131 post type-post status-publish format-standard has-post-thumbnail hentry category-alimentacao category-corpo category-saude\">\n\t<div class=\"wd-post-inner\">\n\t\t<div class=\"wd-post-thumb\">\n\t\t\t\t\t\t\t<div class=\"wd-post-img\">\n\t\t\t\t\t<img width=\"1300\" height=\"650\" src=\"https:\/\/curante.net\/wp-content\/uploads\/2026\/03\/imagens-blog-curante-48-1300x650.jpg\" class=\"attachment-large size-large\" alt=\"\" decoding=\"async\" srcset=\"https:\/\/curante.net\/wp-content\/uploads\/2026\/03\/imagens-blog-curante-48-1300x650.jpg 1300w, https:\/\/curante.net\/wp-content\/uploads\/2026\/03\/imagens-blog-curante-48-400x200.jpg 400w, https:\/\/curante.net\/wp-content\/uploads\/2026\/03\/imagens-blog-curante-48-768x384.jpg 768w, https:\/\/curante.net\/wp-content\/uploads\/2026\/03\/imagens-blog-curante-48-1536x768.jpg 1536w, https:\/\/curante.net\/wp-content\/uploads\/2026\/03\/imagens-blog-curante-48-2048x1024.jpg 2048w, https:\/\/curante.net\/wp-content\/uploads\/2026\/03\/imagens-blog-curante-48-430x215.jpg 430w, https:\/\/curante.net\/wp-content\/uploads\/2026\/03\/imagens-blog-curante-48-700x350.jpg 700w, https:\/\/curante.net\/wp-content\/uploads\/2026\/03\/imagens-blog-curante-48-150x75.jpg 150w\" sizes=\"(max-width: 1300px) 100vw, 1300px\" \/>\t\t\t\t<\/div>\n\t\t\t\t\t\t\t\t\t\t\t\t\t<div class=\"wd-post-date wd-style-with-bg\">\n\t\t\t\t<span class=\"post-date-day\">\n\t\t\t\t\t06\t\t\t\t<\/span>\n\t\t\t\t<span class=\"post-date-month\">\n\t\t\t\t\tmar\t\t\t\t<\/span>\n\t\t\t<\/div>\n\t\t\t\t\t\t\t\t\t\t\t<a class=\"wd-post-link wd-fill\" href=\"https:\/\/curante.net\/doce-veneno-como-o-excesso-de-acucar-afeta-sua-saude\/\" rel=\"bookmark\" aria-label=\"Link no post Doce Veneno? Como o Excesso de A\u00e7\u00facar Afeta sua Sa\u00fade\"><\/a>\n\t\t\t\t\t<\/div>\n\n\t\t<div class=\"wd-post-content\">\n\t\t\t<div class=\"wd-post-content-inner wd-scroll\">\n\t\t\t\t\t\t\t\t\t\t\t\t\t<h3 class=\"wd-post-title wd-entities-title title post-title\">\n\t\t\t\t\t\t<a href=\"https:\/\/curante.net\/doce-veneno-como-o-excesso-de-acucar-afeta-sua-saude\/\" rel=\"bookmark\">\n\t\t\t\t\t\t\tDoce Veneno? Como o Excesso de A\u00e7\u00facar Afeta sua Sa\u00fade\t\t\t\t\t\t<\/a>\n\t\t\t\t\t<\/h3>\n\t\t\t\t\t\t\t\t\t\t\t\t\t<div class=\"wd-post-excerpt wd-scroll-content\">\n\t\t\t\t\t\t\t\t\t\t\t\t\tVoc\u00ea j\u00e1 sentiu aquele cansa\u00e7o inexplic\u00e1vel no meio da tarde ou uma vontade constante de beliscar algo doce? Muitas vezes, o vil\u00e3o est\u00e1 escondido onde menos esperamos. Recentemente, estudos cient\u00edficos e not\u00edcias de sa\u00fade t\u00eam alertado: o consumo excessivo de...\t\t\t\t\t\t\t\t\t\t\t<\/div>\n\t\t\t\t\t\t\t<\/div>\n\t\t\t\t\t\t\t\t\t\t\t\t<div class=\"wd-post-read-more wd-style-btn\">\n\t\t\t\t\t\t<a class=\" btn\" href=\"https:\/\/curante.net\/doce-veneno-como-o-excesso-de-acucar-afeta-sua-saude\/\">Leia Mais<\/a>\t\t\t\t\t<\/div>\n\t\t\t\t\t\t\t\t\t<\/div>\n\t<\/div>\n<\/article>\n\t\t\t\t\t\t\t\t\t\t\t\n<article id=\"post-19127\" class=\"wd-post blog-design-list blog-post-loop blog-style-flat post-19127 post type-post status-publish format-standard has-post-thumbnail hentry category-corpo category-saude\">\n\t<div class=\"wd-post-inner\">\n\t\t<div class=\"wd-post-thumb\">\n\t\t\t\t\t\t\t<div class=\"wd-post-img\">\n\t\t\t\t\t<img width=\"1300\" height=\"650\" src=\"https:\/\/curante.net\/wp-content\/uploads\/2026\/03\/imagens-blog-curante-1300x650.png\" class=\"attachment-large size-large\" alt=\"\" decoding=\"async\" srcset=\"https:\/\/curante.net\/wp-content\/uploads\/2026\/03\/imagens-blog-curante-1300x650.png 1300w, https:\/\/curante.net\/wp-content\/uploads\/2026\/03\/imagens-blog-curante-400x200.png 400w, https:\/\/curante.net\/wp-content\/uploads\/2026\/03\/imagens-blog-curante-768x384.png 768w, https:\/\/curante.net\/wp-content\/uploads\/2026\/03\/imagens-blog-curante-1536x768.png 1536w, https:\/\/curante.net\/wp-content\/uploads\/2026\/03\/imagens-blog-curante-2048x1024.png 2048w, https:\/\/curante.net\/wp-content\/uploads\/2026\/03\/imagens-blog-curante-430x215.png 430w, https:\/\/curante.net\/wp-content\/uploads\/2026\/03\/imagens-blog-curante-700x350.png 700w, https:\/\/curante.net\/wp-content\/uploads\/2026\/03\/imagens-blog-curante-150x75.png 150w\" sizes=\"(max-width: 1300px) 100vw, 1300px\" \/>\t\t\t\t<\/div>\n\t\t\t\t\t\t\t\t\t\t\t\t\t<div class=\"wd-post-date wd-style-with-bg\">\n\t\t\t\t<span class=\"post-date-day\">\n\t\t\t\t\t06\t\t\t\t<\/span>\n\t\t\t\t<span class=\"post-date-month\">\n\t\t\t\t\tmar\t\t\t\t<\/span>\n\t\t\t<\/div>\n\t\t\t\t\t\t\t\t\t\t\t<a class=\"wd-post-link wd-fill\" href=\"https:\/\/curante.net\/alem-da-mente-voce-conhece-o-lado-fisico-do-estresse\/\" rel=\"bookmark\" aria-label=\"Link no post Al\u00e9m da mente: Voc\u00ea conhece o lado f\u00edsico do estresse?\"><\/a>\n\t\t\t\t\t<\/div>\n\n\t\t<div class=\"wd-post-content\">\n\t\t\t<div class=\"wd-post-content-inner wd-scroll\">\n\t\t\t\t\t\t\t\t\t\t\t\t\t<h3 class=\"wd-post-title wd-entities-title title post-title\">\n\t\t\t\t\t\t<a href=\"https:\/\/curante.net\/alem-da-mente-voce-conhece-o-lado-fisico-do-estresse\/\" rel=\"bookmark\">\n\t\t\t\t\t\t\tAl\u00e9m da mente: Voc\u00ea conhece o lado f\u00edsico do estresse?\t\t\t\t\t\t<\/a>\n\t\t\t\t\t<\/h3>\n\t\t\t\t\t\t\t\t\t\t\t\t\t<div class=\"wd-post-excerpt wd-scroll-content\">\n\t\t\t\t\t\t\t\t\t\t\t\t\tMuitas vezes, acreditamos que o estresse \u00e9 \"coisa da nossa cabe\u00e7a\". No entanto, not\u00edcias recentes e estudos de sa\u00fade em 2026 refor\u00e7am que o corpo \u00e9 o primeiro a dar o sinal de alerta. Quando a mente sobrecarrega, o f\u00edsico...\t\t\t\t\t\t\t\t\t\t\t<\/div>\n\t\t\t\t\t\t\t<\/div>\n\t\t\t\t\t\t\t\t\t\t\t\t<div class=\"wd-post-read-more wd-style-btn\">\n\t\t\t\t\t\t<a class=\" btn\" href=\"https:\/\/curante.net\/alem-da-mente-voce-conhece-o-lado-fisico-do-estresse\/\">Leia Mais<\/a>\t\t\t\t\t<\/div>\n\t\t\t\t\t\t\t\t\t<\/div>\n\t<\/div>\n<\/article>\n\t\t\t\t\t\t\t\t\t\t\t\n<article id=\"post-19101\" class=\"wd-post blog-design-list blog-post-loop blog-style-flat post-19101 post type-post status-publish format-standard has-post-thumbnail hentry category-cerebro category-dicas\">\n\t<div class=\"wd-post-inner\">\n\t\t<div class=\"wd-post-thumb\">\n\t\t\t\t\t\t\t<div class=\"wd-post-img\">\n\t\t\t\t\t<img width=\"1300\" height=\"650\" src=\"https:\/\/curante.net\/wp-content\/uploads\/2026\/03\/imagens-blog-curante-47-1300x650.jpg\" class=\"attachment-large size-large\" alt=\"\" decoding=\"async\" srcset=\"https:\/\/curante.net\/wp-content\/uploads\/2026\/03\/imagens-blog-curante-47-1300x650.jpg 1300w, https:\/\/curante.net\/wp-content\/uploads\/2026\/03\/imagens-blog-curante-47-400x200.jpg 400w, https:\/\/curante.net\/wp-content\/uploads\/2026\/03\/imagens-blog-curante-47-768x384.jpg 768w, https:\/\/curante.net\/wp-content\/uploads\/2026\/03\/imagens-blog-curante-47-1536x768.jpg 1536w, https:\/\/curante.net\/wp-content\/uploads\/2026\/03\/imagens-blog-curante-47-2048x1024.jpg 2048w, https:\/\/curante.net\/wp-content\/uploads\/2026\/03\/imagens-blog-curante-47-430x215.jpg 430w, https:\/\/curante.net\/wp-content\/uploads\/2026\/03\/imagens-blog-curante-47-700x350.jpg 700w, https:\/\/curante.net\/wp-content\/uploads\/2026\/03\/imagens-blog-curante-47-150x75.jpg 150w\" sizes=\"(max-width: 1300px) 100vw, 1300px\" \/>\t\t\t\t<\/div>\n\t\t\t\t\t\t\t\t\t\t\t\t\t<div class=\"wd-post-date wd-style-with-bg\">\n\t\t\t\t<span class=\"post-date-day\">\n\t\t\t\t\t05\t\t\t\t<\/span>\n\t\t\t\t<span class=\"post-date-month\">\n\t\t\t\t\tmar\t\t\t\t<\/span>\n\t\t\t<\/div>\n\t\t\t\t\t\t\t\t\t\t\t<a class=\"wd-post-link wd-fill\" href=\"https:\/\/curante.net\/mente-afiada-dicas-praticas-e-habitos-para-turbinar-sua-memoria\/\" rel=\"bookmark\" aria-label=\"Link no post Mente Afiada: Dicas Pr\u00e1ticas e H\u00e1bitos para Turbinar sua Mem\u00f3ria\"><\/a>\n\t\t\t\t\t<\/div>\n\n\t\t<div class=\"wd-post-content\">\n\t\t\t<div class=\"wd-post-content-inner wd-scroll\">\n\t\t\t\t\t\t\t\t\t\t\t\t\t<h3 class=\"wd-post-title wd-entities-title title post-title\">\n\t\t\t\t\t\t<a href=\"https:\/\/curante.net\/mente-afiada-dicas-praticas-e-habitos-para-turbinar-sua-memoria\/\" rel=\"bookmark\">\n\t\t\t\t\t\t\tMente Afiada: Dicas Pr\u00e1ticas e H\u00e1bitos para Turbinar sua Mem\u00f3ria\t\t\t\t\t\t<\/a>\n\t\t\t\t\t<\/h3>\n\t\t\t\t\t\t\t\t\t\t\t\t\t<div class=\"wd-post-excerpt wd-scroll-content\">\n\t\t\t\t\t\t\t\t\t\t\t\t\tVoc\u00ea j\u00e1 entrou em um c\u00f4modo e esqueceu completamente o que ia fazer l\u00e1? Ou sentiu que o nome de algu\u00e9m conhecido est\u00e1 \"na ponta da l\u00edngua\", mas n\u00e3o sai? Relaxa, voc\u00ea n\u00e3o est\u00e1 sozinho. Em um mundo cada vez...\t\t\t\t\t\t\t\t\t\t\t<\/div>\n\t\t\t\t\t\t\t<\/div>\n\t\t\t\t\t\t\t\t\t\t\t\t<div class=\"wd-post-read-more wd-style-btn\">\n\t\t\t\t\t\t<a class=\" btn\" href=\"https:\/\/curante.net\/mente-afiada-dicas-praticas-e-habitos-para-turbinar-sua-memoria\/\">Leia Mais<\/a>\t\t\t\t\t<\/div>\n\t\t\t\t\t\t\t\t\t<\/div>\n\t<\/div>\n<\/article>\n\t\t\t\t\t\t\t\t\t\t\t\n<article id=\"post-19055\" class=\"wd-post blog-design-list blog-post-loop blog-style-flat post-19055 post type-post status-publish format-standard has-post-thumbnail hentry category-corpo category-saude\">\n\t<div class=\"wd-post-inner\">\n\t\t<div class=\"wd-post-thumb\">\n\t\t\t\t\t\t\t<div class=\"wd-post-img\">\n\t\t\t\t\t<img width=\"1300\" height=\"650\" src=\"https:\/\/curante.net\/wp-content\/uploads\/2026\/02\/imagens-blog-curante-46-1300x650.jpg\" class=\"attachment-large size-large\" alt=\"\" decoding=\"async\" srcset=\"https:\/\/curante.net\/wp-content\/uploads\/2026\/02\/imagens-blog-curante-46-1300x650.jpg 1300w, https:\/\/curante.net\/wp-content\/uploads\/2026\/02\/imagens-blog-curante-46-400x200.jpg 400w, https:\/\/curante.net\/wp-content\/uploads\/2026\/02\/imagens-blog-curante-46-768x384.jpg 768w, https:\/\/curante.net\/wp-content\/uploads\/2026\/02\/imagens-blog-curante-46-1536x768.jpg 1536w, https:\/\/curante.net\/wp-content\/uploads\/2026\/02\/imagens-blog-curante-46-2048x1024.jpg 2048w, https:\/\/curante.net\/wp-content\/uploads\/2026\/02\/imagens-blog-curante-46-430x215.jpg 430w, https:\/\/curante.net\/wp-content\/uploads\/2026\/02\/imagens-blog-curante-46-700x350.jpg 700w, https:\/\/curante.net\/wp-content\/uploads\/2026\/02\/imagens-blog-curante-46-150x75.jpg 150w\" sizes=\"(max-width: 1300px) 100vw, 1300px\" \/>\t\t\t\t<\/div>\n\t\t\t\t\t\t\t\t\t\t\t\t\t<div class=\"wd-post-date wd-style-with-bg\">\n\t\t\t\t<span class=\"post-date-day\">\n\t\t\t\t\t27\t\t\t\t<\/span>\n\t\t\t\t<span class=\"post-date-month\">\n\t\t\t\t\tfev\t\t\t\t<\/span>\n\t\t\t<\/div>\n\t\t\t\t\t\t\t\t\t\t\t<a class=\"wd-post-link wd-fill\" href=\"https:\/\/curante.net\/enxaqueca-nao-e-so-uma-dor-de-cabeca-entenda-os-sinais-e-como-se-cuidar\/\" rel=\"bookmark\" aria-label=\"Link no post Enxaqueca n\u00e3o \u00e9 &#8220;s\u00f3 uma dor de cabe\u00e7a&#8221;: Entenda os sinais e como se cuidar\"><\/a>\n\t\t\t\t\t<\/div>\n\n\t\t<div class=\"wd-post-content\">\n\t\t\t<div class=\"wd-post-content-inner wd-scroll\">\n\t\t\t\t\t\t\t\t\t\t\t\t\t<h3 class=\"wd-post-title wd-entities-title title post-title\">\n\t\t\t\t\t\t<a href=\"https:\/\/curante.net\/enxaqueca-nao-e-so-uma-dor-de-cabeca-entenda-os-sinais-e-como-se-cuidar\/\" rel=\"bookmark\">\n\t\t\t\t\t\t\tEnxaqueca n\u00e3o \u00e9 &#8220;s\u00f3 uma dor de cabe\u00e7a&#8221;: Entenda os sinais e como se cuidar\t\t\t\t\t\t<\/a>\n\t\t\t\t\t<\/h3>\n\t\t\t\t\t\t\t\t\t\t\t\t\t<div class=\"wd-post-excerpt wd-scroll-content\">\n\t\t\t\t\t\t\t\t\t\t\t\t\tQuem convive com a enxaqueca sabe: n\u00e3o \u00e9 apenas uma dorzinha inc\u00f4moda. \u00c9 uma condi\u00e7\u00e3o neurol\u00f3gica que para a rotina, apaga as luzes e exige sil\u00eancio. Aqui na Curante, em nossos 23 anos de tradi\u00e7\u00e3o em Bras\u00edlia, recebemos muitos clientes...\t\t\t\t\t\t\t\t\t\t\t<\/div>\n\t\t\t\t\t\t\t<\/div>\n\t\t\t\t\t\t\t\t\t\t\t\t<div class=\"wd-post-read-more wd-style-btn\">\n\t\t\t\t\t\t<a class=\" btn\" href=\"https:\/\/curante.net\/enxaqueca-nao-e-so-uma-dor-de-cabeca-entenda-os-sinais-e-como-se-cuidar\/\">Leia Mais<\/a>\t\t\t\t\t<\/div>\n\t\t\t\t\t\t\t\t\t<\/div>\n\t<\/div>\n<\/article>\n\t\t\t\t\t\t\t\t\t\t\t\n<article id=\"post-19035\" class=\"wd-post blog-design-list blog-post-loop blog-style-flat post-19035 post type-post status-publish format-standard has-post-thumbnail hentry category-dicas category-imunidade category-saude\">\n\t<div class=\"wd-post-inner\">\n\t\t<div class=\"wd-post-thumb\">\n\t\t\t\t\t\t\t<div class=\"wd-post-img\">\n\t\t\t\t\t<img width=\"1300\" height=\"650\" src=\"https:\/\/curante.net\/wp-content\/uploads\/2026\/02\/imagens-blog-curante-45-1300x650.jpg\" class=\"attachment-large size-large\" alt=\"\" decoding=\"async\" srcset=\"https:\/\/curante.net\/wp-content\/uploads\/2026\/02\/imagens-blog-curante-45-1300x650.jpg 1300w, https:\/\/curante.net\/wp-content\/uploads\/2026\/02\/imagens-blog-curante-45-400x200.jpg 400w, https:\/\/curante.net\/wp-content\/uploads\/2026\/02\/imagens-blog-curante-45-768x384.jpg 768w, https:\/\/curante.net\/wp-content\/uploads\/2026\/02\/imagens-blog-curante-45-1536x768.jpg 1536w, https:\/\/curante.net\/wp-content\/uploads\/2026\/02\/imagens-blog-curante-45-2048x1024.jpg 2048w, https:\/\/curante.net\/wp-content\/uploads\/2026\/02\/imagens-blog-curante-45-430x215.jpg 430w, https:\/\/curante.net\/wp-content\/uploads\/2026\/02\/imagens-blog-curante-45-700x350.jpg 700w, https:\/\/curante.net\/wp-content\/uploads\/2026\/02\/imagens-blog-curante-45-150x75.jpg 150w\" sizes=\"(max-width: 1300px) 100vw, 1300px\" \/>\t\t\t\t<\/div>\n\t\t\t\t\t\t\t\t\t\t\t\t\t<div class=\"wd-post-date wd-style-with-bg\">\n\t\t\t\t<span class=\"post-date-day\">\n\t\t\t\t\t26\t\t\t\t<\/span>\n\t\t\t\t<span class=\"post-date-month\">\n\t\t\t\t\tfev\t\t\t\t<\/span>\n\t\t\t<\/div>\n\t\t\t\t\t\t\t\t\t\t\t<a class=\"wd-post-link wd-fill\" href=\"https:\/\/curante.net\/sol-e-saude-como-aproveitar-os-beneficios-do-sol-sem-riscos\/\" rel=\"bookmark\" aria-label=\"Link no post Sol e Sa\u00fade: Como Aproveitar os Benef\u00edcios do Sol sem Riscos.\"><\/a>\n\t\t\t\t\t<\/div>\n\n\t\t<div class=\"wd-post-content\">\n\t\t\t<div class=\"wd-post-content-inner wd-scroll\">\n\t\t\t\t\t\t\t\t\t\t\t\t\t<h3 class=\"wd-post-title wd-entities-title title post-title\">\n\t\t\t\t\t\t<a href=\"https:\/\/curante.net\/sol-e-saude-como-aproveitar-os-beneficios-do-sol-sem-riscos\/\" rel=\"bookmark\">\n\t\t\t\t\t\t\tSol e Sa\u00fade: Como Aproveitar os Benef\u00edcios do Sol sem Riscos.\t\t\t\t\t\t<\/a>\n\t\t\t\t\t<\/h3>\n\t\t\t\t\t\t\t\t\t\t\t\t\t<div class=\"wd-post-excerpt wd-scroll-content\">\n\t\t\t\t\t\t\t\t\t\t\t\t\tVoc\u00ea j\u00e1 sentiu como um dia ensolarado em Bras\u00edlia parece mudar instantaneamente o nosso humor? N\u00e3o \u00e9 apenas impress\u00e3o. Not\u00edcias recentes da ci\u00eancia (2025-2026) refor\u00e7am que a exposi\u00e7\u00e3o solar vai muito al\u00e9m da famosa Vitamina D. O sol atua como...\t\t\t\t\t\t\t\t\t\t\t<\/div>\n\t\t\t\t\t\t\t<\/div>\n\t\t\t\t\t\t\t\t\t\t\t\t<div class=\"wd-post-read-more wd-style-btn\">\n\t\t\t\t\t\t<a class=\" btn\" href=\"https:\/\/curante.net\/sol-e-saude-como-aproveitar-os-beneficios-do-sol-sem-riscos\/\">Leia Mais<\/a>\t\t\t\t\t<\/div>\n\t\t\t\t\t\t\t\t\t<\/div>\n\t<\/div>\n<\/article>\n\t\t\t\t\t\t\t\t\t\t\t\n<article id=\"post-19030\" class=\"wd-post blog-design-list blog-post-loop blog-style-flat post-19030 post type-post status-publish format-standard has-post-thumbnail hentry category-alimentacao category-dicas\">\n\t<div class=\"wd-post-inner\">\n\t\t<div class=\"wd-post-thumb\">\n\t\t\t\t\t\t\t<div class=\"wd-post-img\">\n\t\t\t\t\t<img width=\"1300\" height=\"650\" src=\"https:\/\/curante.net\/wp-content\/uploads\/2026\/02\/imagens-blog-curante-44-1300x650.jpg\" class=\"attachment-large size-large\" alt=\"\" decoding=\"async\" srcset=\"https:\/\/curante.net\/wp-content\/uploads\/2026\/02\/imagens-blog-curante-44-1300x650.jpg 1300w, https:\/\/curante.net\/wp-content\/uploads\/2026\/02\/imagens-blog-curante-44-400x200.jpg 400w, https:\/\/curante.net\/wp-content\/uploads\/2026\/02\/imagens-blog-curante-44-768x384.jpg 768w, https:\/\/curante.net\/wp-content\/uploads\/2026\/02\/imagens-blog-curante-44-1536x768.jpg 1536w, https:\/\/curante.net\/wp-content\/uploads\/2026\/02\/imagens-blog-curante-44-2048x1024.jpg 2048w, https:\/\/curante.net\/wp-content\/uploads\/2026\/02\/imagens-blog-curante-44-430x215.jpg 430w, https:\/\/curante.net\/wp-content\/uploads\/2026\/02\/imagens-blog-curante-44-700x350.jpg 700w, https:\/\/curante.net\/wp-content\/uploads\/2026\/02\/imagens-blog-curante-44-150x75.jpg 150w\" sizes=\"(max-width: 1300px) 100vw, 1300px\" \/>\t\t\t\t<\/div>\n\t\t\t\t\t\t\t\t\t\t\t\t\t<div class=\"wd-post-date wd-style-with-bg\">\n\t\t\t\t<span class=\"post-date-day\">\n\t\t\t\t\t26\t\t\t\t<\/span>\n\t\t\t\t<span class=\"post-date-month\">\n\t\t\t\t\tfev\t\t\t\t<\/span>\n\t\t\t<\/div>\n\t\t\t\t\t\t\t\t\t\t\t<a class=\"wd-post-link wd-fill\" href=\"https:\/\/curante.net\/do-pomar-a-mesa-o-guia-para-escolher-frutas-frescas-e-turbinar-sua-saude\/\" rel=\"bookmark\" aria-label=\"Link no post Do Pomar \u00e0 Mesa: O Guia para Escolher Frutas Frescas e Turbinar sua Sa\u00fade\"><\/a>\n\t\t\t\t\t<\/div>\n\n\t\t<div class=\"wd-post-content\">\n\t\t\t<div class=\"wd-post-content-inner wd-scroll\">\n\t\t\t\t\t\t\t\t\t\t\t\t\t<h3 class=\"wd-post-title wd-entities-title title post-title\">\n\t\t\t\t\t\t<a href=\"https:\/\/curante.net\/do-pomar-a-mesa-o-guia-para-escolher-frutas-frescas-e-turbinar-sua-saude\/\" rel=\"bookmark\">\n\t\t\t\t\t\t\tDo Pomar \u00e0 Mesa: O Guia para Escolher Frutas Frescas e Turbinar sua Sa\u00fade\t\t\t\t\t\t<\/a>\n\t\t\t\t\t<\/h3>\n\t\t\t\t\t\t\t\t\t\t\t\t\t<div class=\"wd-post-excerpt wd-scroll-content\">\n\t\t\t\t\t\t\t\t\t\t\t\t\tQuem n\u00e3o gosta de uma fruteira colorida e cheirosa em cima da mesa? Al\u00e9m de deixarem a cozinha mais bonita, as frutas frescas s\u00e3o verdadeiras \"p\u00edlulas\" de vitaminas e fibras que a natureza nos d\u00e1. Mas, com a correria do...\t\t\t\t\t\t\t\t\t\t\t<\/div>\n\t\t\t\t\t\t\t<\/div>\n\t\t\t\t\t\t\t\t\t\t\t\t<div class=\"wd-post-read-more wd-style-btn\">\n\t\t\t\t\t\t<a class=\" btn\" href=\"https:\/\/curante.net\/do-pomar-a-mesa-o-guia-para-escolher-frutas-frescas-e-turbinar-sua-saude\/\">Leia Mais<\/a>\t\t\t\t\t<\/div>\n\t\t\t\t\t\t\t\t\t<\/div>\n\t<\/div>\n<\/article>\n\t\t\t\t\t\t\t\t\t\t\t\n<article id=\"post-19013\" class=\"wd-post blog-design-list blog-post-loop blog-style-flat post-19013 post type-post status-publish format-standard has-post-thumbnail hentry category-dicas category-saude\">\n\t<div class=\"wd-post-inner\">\n\t\t<div class=\"wd-post-thumb\">\n\t\t\t\t\t\t\t<div class=\"wd-post-img\">\n\t\t\t\t\t<img width=\"1300\" height=\"650\" src=\"https:\/\/curante.net\/wp-content\/uploads\/2026\/02\/imagens-blog-curante-43-1300x650.jpg\" class=\"attachment-large size-large\" alt=\"\" decoding=\"async\" srcset=\"https:\/\/curante.net\/wp-content\/uploads\/2026\/02\/imagens-blog-curante-43-1300x650.jpg 1300w, https:\/\/curante.net\/wp-content\/uploads\/2026\/02\/imagens-blog-curante-43-400x200.jpg 400w, https:\/\/curante.net\/wp-content\/uploads\/2026\/02\/imagens-blog-curante-43-768x384.jpg 768w, https:\/\/curante.net\/wp-content\/uploads\/2026\/02\/imagens-blog-curante-43-1536x768.jpg 1536w, https:\/\/curante.net\/wp-content\/uploads\/2026\/02\/imagens-blog-curante-43-2048x1024.jpg 2048w, https:\/\/curante.net\/wp-content\/uploads\/2026\/02\/imagens-blog-curante-43-430x215.jpg 430w, https:\/\/curante.net\/wp-content\/uploads\/2026\/02\/imagens-blog-curante-43-700x350.jpg 700w, https:\/\/curante.net\/wp-content\/uploads\/2026\/02\/imagens-blog-curante-43-150x75.jpg 150w\" sizes=\"(max-width: 1300px) 100vw, 1300px\" \/>\t\t\t\t<\/div>\n\t\t\t\t\t\t\t\t\t\t\t\t\t<div class=\"wd-post-date wd-style-with-bg\">\n\t\t\t\t<span class=\"post-date-day\">\n\t\t\t\t\t24\t\t\t\t<\/span>\n\t\t\t\t<span class=\"post-date-month\">\n\t\t\t\t\tfev\t\t\t\t<\/span>\n\t\t\t<\/div>\n\t\t\t\t\t\t\t\t\t\t\t<a class=\"wd-post-link wd-fill\" href=\"https:\/\/curante.net\/cafe-demais-entenda-os-sinais-do-excesso-de-cafeina-no-organismo-e-como-equilibrar-sua-energia\/\" rel=\"bookmark\" aria-label=\"Link no post Caf\u00e9 demais? Entenda os sinais do excesso de cafe\u00edna no organismo e como equilibrar sua energia\"><\/a>\n\t\t\t\t\t<\/div>\n\n\t\t<div class=\"wd-post-content\">\n\t\t\t<div class=\"wd-post-content-inner wd-scroll\">\n\t\t\t\t\t\t\t\t\t\t\t\t\t<h3 class=\"wd-post-title wd-entities-title title post-title\">\n\t\t\t\t\t\t<a href=\"https:\/\/curante.net\/cafe-demais-entenda-os-sinais-do-excesso-de-cafeina-no-organismo-e-como-equilibrar-sua-energia\/\" rel=\"bookmark\">\n\t\t\t\t\t\t\tCaf\u00e9 demais? Entenda os sinais do excesso de cafe\u00edna no organismo e como equilibrar sua energia\t\t\t\t\t\t<\/a>\n\t\t\t\t\t<\/h3>\n\t\t\t\t\t\t\t\t\t\t\t\t\t<div class=\"wd-post-excerpt wd-scroll-content\">\n\t\t\t\t\t\t\t\t\t\t\t\t\tO cafezinho \u00e9 uma paix\u00e3o nacional e um patrim\u00f4nio cultural aqui em Bras\u00edlia. Seja para despertar antes de um dia cheio ou para aquela pausa no meio da tarde, ele \u00e9 nosso aliado fiel. Recentemente, estudos de universidades renomadas como...\t\t\t\t\t\t\t\t\t\t\t<\/div>\n\t\t\t\t\t\t\t<\/div>\n\t\t\t\t\t\t\t\t\t\t\t\t<div class=\"wd-post-read-more wd-style-btn\">\n\t\t\t\t\t\t<a class=\" btn\" href=\"https:\/\/curante.net\/cafe-demais-entenda-os-sinais-do-excesso-de-cafeina-no-organismo-e-como-equilibrar-sua-energia\/\">Leia Mais<\/a>\t\t\t\t\t<\/div>\n\t\t\t\t\t\t\t\t\t<\/div>\n\t<\/div>\n<\/article>\n\t\t\t\t\t\t\t\t\t\t\t\n<article id=\"post-19009\" class=\"wd-post blog-design-list blog-post-loop blog-style-flat post-19009 post type-post status-publish format-standard has-post-thumbnail hentry category-sem-categoria\">\n\t<div class=\"wd-post-inner\">\n\t\t<div class=\"wd-post-thumb\">\n\t\t\t\t\t\t\t<div class=\"wd-post-img\">\n\t\t\t\t\t<img width=\"1300\" height=\"650\" src=\"https:\/\/curante.net\/wp-content\/uploads\/2026\/02\/imagens-blog-curante-42-1300x650.jpg\" class=\"attachment-large size-large\" alt=\"\" decoding=\"async\" srcset=\"https:\/\/curante.net\/wp-content\/uploads\/2026\/02\/imagens-blog-curante-42-1300x650.jpg 1300w, https:\/\/curante.net\/wp-content\/uploads\/2026\/02\/imagens-blog-curante-42-400x200.jpg 400w, https:\/\/curante.net\/wp-content\/uploads\/2026\/02\/imagens-blog-curante-42-768x384.jpg 768w, https:\/\/curante.net\/wp-content\/uploads\/2026\/02\/imagens-blog-curante-42-1536x768.jpg 1536w, https:\/\/curante.net\/wp-content\/uploads\/2026\/02\/imagens-blog-curante-42-2048x1024.jpg 2048w, https:\/\/curante.net\/wp-content\/uploads\/2026\/02\/imagens-blog-curante-42-430x215.jpg 430w, https:\/\/curante.net\/wp-content\/uploads\/2026\/02\/imagens-blog-curante-42-700x350.jpg 700w, https:\/\/curante.net\/wp-content\/uploads\/2026\/02\/imagens-blog-curante-42-150x75.jpg 150w\" sizes=\"(max-width: 1300px) 100vw, 1300px\" \/>\t\t\t\t<\/div>\n\t\t\t\t\t\t\t\t\t\t\t\t\t<div class=\"wd-post-date wd-style-with-bg\">\n\t\t\t\t<span class=\"post-date-day\">\n\t\t\t\t\t24\t\t\t\t<\/span>\n\t\t\t\t<span class=\"post-date-month\">\n\t\t\t\t\tfev\t\t\t\t<\/span>\n\t\t\t<\/div>\n\t\t\t\t\t\t\t\t\t\t\t<a class=\"wd-post-link wd-fill\" href=\"https:\/\/curante.net\/planejando-o-sonho-o-que-a-ciencia-e-o-seu-corpo-dizem-sobre-a-fertilidade-em-2026\/\" rel=\"bookmark\" aria-label=\"Link no post Planejando o Sonho: O que a Ci\u00eancia e o Seu Corpo Dizem Sobre a Fertilidade em 2026\"><\/a>\n\t\t\t\t\t<\/div>\n\n\t\t<div class=\"wd-post-content\">\n\t\t\t<div class=\"wd-post-content-inner wd-scroll\">\n\t\t\t\t\t\t\t\t\t\t\t\t\t<h3 class=\"wd-post-title wd-entities-title title post-title\">\n\t\t\t\t\t\t<a href=\"https:\/\/curante.net\/planejando-o-sonho-o-que-a-ciencia-e-o-seu-corpo-dizem-sobre-a-fertilidade-em-2026\/\" rel=\"bookmark\">\n\t\t\t\t\t\t\tPlanejando o Sonho: O que a Ci\u00eancia e o Seu Corpo Dizem Sobre a Fertilidade em 2026\t\t\t\t\t\t<\/a>\n\t\t\t\t\t<\/h3>\n\t\t\t\t\t\t\t\t\t\t\t\t\t<div class=\"wd-post-excerpt wd-scroll-content\">\n\t\t\t\t\t\t\t\t\t\t\t\t\tO desejo de gerar uma vida \u00e9 uma das jornadas mais bonitas da mulher. No entanto, com a rotina acelerada e as decis\u00f5es de adiar a gesta\u00e7\u00e3o, \u00e9 comum surgirem d\u00favidas: \"Como est\u00e1 minha sa\u00fade reprodutiva?\" ou \"Por onde devo...\t\t\t\t\t\t\t\t\t\t\t<\/div>\n\t\t\t\t\t\t\t<\/div>\n\t\t\t\t\t\t\t\t\t\t\t\t<div class=\"wd-post-read-more wd-style-btn\">\n\t\t\t\t\t\t<a class=\" btn\" href=\"https:\/\/curante.net\/planejando-o-sonho-o-que-a-ciencia-e-o-seu-corpo-dizem-sobre-a-fertilidade-em-2026\/\">Leia Mais<\/a>\t\t\t\t\t<\/div>\n\t\t\t\t\t\t\t\t\t<\/div>\n\t<\/div>\n<\/article>\n\t\t\t\t\t\t\t\t\t\t\t\n<article id=\"post-18995\" class=\"wd-post blog-design-list blog-post-loop blog-style-flat post-18995 post type-post status-publish format-standard has-post-thumbnail hentry category-dicas category-sobre-nos\">\n\t<div class=\"wd-post-inner\">\n\t\t<div class=\"wd-post-thumb\">\n\t\t\t\t\t\t\t<div class=\"wd-post-img\">\n\t\t\t\t\t<img width=\"1300\" height=\"650\" src=\"https:\/\/curante.net\/wp-content\/uploads\/2026\/02\/imagens-blog-curante-41-1300x650.jpg\" class=\"attachment-large size-large\" alt=\"\" decoding=\"async\" srcset=\"https:\/\/curante.net\/wp-content\/uploads\/2026\/02\/imagens-blog-curante-41-1300x650.jpg 1300w, https:\/\/curante.net\/wp-content\/uploads\/2026\/02\/imagens-blog-curante-41-400x200.jpg 400w, https:\/\/curante.net\/wp-content\/uploads\/2026\/02\/imagens-blog-curante-41-768x384.jpg 768w, https:\/\/curante.net\/wp-content\/uploads\/2026\/02\/imagens-blog-curante-41-1536x768.jpg 1536w, https:\/\/curante.net\/wp-content\/uploads\/2026\/02\/imagens-blog-curante-41-2048x1024.jpg 2048w, https:\/\/curante.net\/wp-content\/uploads\/2026\/02\/imagens-blog-curante-41-430x215.jpg 430w, https:\/\/curante.net\/wp-content\/uploads\/2026\/02\/imagens-blog-curante-41-700x350.jpg 700w, https:\/\/curante.net\/wp-content\/uploads\/2026\/02\/imagens-blog-curante-41-150x75.jpg 150w\" sizes=\"(max-width: 1300px) 100vw, 1300px\" \/>\t\t\t\t<\/div>\n\t\t\t\t\t\t\t\t\t\t\t\t\t<div class=\"wd-post-date wd-style-with-bg\">\n\t\t\t\t<span class=\"post-date-day\">\n\t\t\t\t\t23\t\t\t\t<\/span>\n\t\t\t\t<span class=\"post-date-month\">\n\t\t\t\t\tfev\t\t\t\t<\/span>\n\t\t\t<\/div>\n\t\t\t\t\t\t\t\t\t\t\t<a class=\"wd-post-link wd-fill\" href=\"https:\/\/curante.net\/alem-das-capsulas-como-a-curante-personaliza-sua-saude-com-novas-formas-farmaceuticas\/\" rel=\"bookmark\" aria-label=\"Link no post Al\u00e9m das C\u00e1psulas: Como a Curante Personaliza sua Sa\u00fade com Novas Formas Farmac\u00eauticas\"><\/a>\n\t\t\t\t\t<\/div>\n\n\t\t<div class=\"wd-post-content\">\n\t\t\t<div class=\"wd-post-content-inner wd-scroll\">\n\t\t\t\t\t\t\t\t\t\t\t\t\t<h3 class=\"wd-post-title wd-entities-title title post-title\">\n\t\t\t\t\t\t<a href=\"https:\/\/curante.net\/alem-das-capsulas-como-a-curante-personaliza-sua-saude-com-novas-formas-farmaceuticas\/\" rel=\"bookmark\">\n\t\t\t\t\t\t\tAl\u00e9m das C\u00e1psulas: Como a Curante Personaliza sua Sa\u00fade com Novas Formas Farmac\u00eauticas\t\t\t\t\t\t<\/a>\n\t\t\t\t\t<\/h3>\n\t\t\t\t\t\t\t\t\t\t\t\t\t<div class=\"wd-post-excerpt wd-scroll-content\">\n\t\t\t\t\t\t\t\t\t\t\t\t\tVoc\u00ea sabia que o sucesso de um tratamento n\u00e3o depende apenas do \"rem\u00e9dio\" em si, mas de como ele \u00e9 apresentado ao seu corpo? Na jornada pela sa\u00fade, a praticidade e o conforto s\u00e3o essenciais para que ningu\u00e9m esque\u00e7a uma...\t\t\t\t\t\t\t\t\t\t\t<\/div>\n\t\t\t\t\t\t\t<\/div>\n\t\t\t\t\t\t\t\t\t\t\t\t<div class=\"wd-post-read-more wd-style-btn\">\n\t\t\t\t\t\t<a class=\" btn\" href=\"https:\/\/curante.net\/alem-das-capsulas-como-a-curante-personaliza-sua-saude-com-novas-formas-farmaceuticas\/\">Leia Mais<\/a>\t\t\t\t\t<\/div>\n\t\t\t\t\t\t\t\t\t<\/div>\n\t<\/div>\n<\/article>\n\t\t\t\t\t\n\t\t\t\t\t","status":"have-posts","nextPage":"https:\/\/curante.net\/dicas-de-saude\/page\/4\/?woo_ajax=1","currentPage":"https:\/\/curante.net\/dicas-de-saude\/page\/3"}