
			
				

					
				

			
		{"items":"\n\t\t\t\t\t\t\t\t\t\t\t\n<article id=\"post-19431\" class=\"wd-post blog-design-list blog-post-loop blog-style-flat post-19431 post type-post status-publish format-standard has-post-thumbnail hentry category-alimentacao category-saude\">\n\t<div class=\"wd-post-inner\">\n\t\t<div class=\"wd-post-thumb\">\n\t\t\t\t\t\t\t<div class=\"wd-post-img\">\n\t\t\t\t\t<img width=\"1300\" height=\"650\" src=\"https:\/\/curante.net\/wp-content\/uploads\/2026\/04\/imagens-blog-curante-60-1300x650.jpg\" class=\"attachment-large size-large\" alt=\"\" decoding=\"async\" srcset=\"https:\/\/curante.net\/wp-content\/uploads\/2026\/04\/imagens-blog-curante-60-1300x650.jpg 1300w, https:\/\/curante.net\/wp-content\/uploads\/2026\/04\/imagens-blog-curante-60-400x200.jpg 400w, https:\/\/curante.net\/wp-content\/uploads\/2026\/04\/imagens-blog-curante-60-768x384.jpg 768w, https:\/\/curante.net\/wp-content\/uploads\/2026\/04\/imagens-blog-curante-60-1536x768.jpg 1536w, https:\/\/curante.net\/wp-content\/uploads\/2026\/04\/imagens-blog-curante-60-2048x1024.jpg 2048w, https:\/\/curante.net\/wp-content\/uploads\/2026\/04\/imagens-blog-curante-60-430x215.jpg 430w, https:\/\/curante.net\/wp-content\/uploads\/2026\/04\/imagens-blog-curante-60-700x350.jpg 700w, https:\/\/curante.net\/wp-content\/uploads\/2026\/04\/imagens-blog-curante-60-150x75.jpg 150w\" sizes=\"(max-width: 1300px) 100vw, 1300px\" \/>\t\t\t\t<\/div>\n\t\t\t\t\t\t\t\t\t\t\t\t\t<link rel=\"stylesheet\" id=\"wd-post-types-mod-date-style-bg-css\" href=\"https:\/\/curante.net\/wp-content\/themes\/woodmart\/css\/parts\/post-types-mod-date-style-bg.min.css?ver=8.2.7\" type=\"text\/css\" media=\"all\" \/> \t\t\t\t\t\t<div class=\"wd-post-date wd-style-with-bg\">\n\t\t\t\t<span class=\"post-date-day\">\n\t\t\t\t\t10\t\t\t\t<\/span>\n\t\t\t\t<span class=\"post-date-month\">\n\t\t\t\t\tabr\t\t\t\t<\/span>\n\t\t\t<\/div>\n\t\t\t\t\t\t\t\t\t\t\t<a class=\"wd-post-link wd-fill\" href=\"https:\/\/curante.net\/do-prazer-ao-excesso-o-que-acontece-com-seu-corpo-quando-voce-exagera-no-chocolate\/\" rel=\"bookmark\" aria-label=\"Link no post Do Prazer ao Excesso: O que Acontece Com Seu Corpo Quando Voc\u00ea Exagera no Chocolate?\"><\/a>\n\t\t\t\t\t<\/div>\n\n\t\t<div class=\"wd-post-content\">\n\t\t\t<div class=\"wd-post-content-inner wd-scroll\">\n\t\t\t\t\t\t\t\t\t\t\t\t\t<h3 class=\"wd-post-title wd-entities-title title post-title\">\n\t\t\t\t\t\t<a href=\"https:\/\/curante.net\/do-prazer-ao-excesso-o-que-acontece-com-seu-corpo-quando-voce-exagera-no-chocolate\/\" rel=\"bookmark\">\n\t\t\t\t\t\t\tDo Prazer ao Excesso: O que Acontece Com Seu Corpo Quando Voc\u00ea Exagera no Chocolate?\t\t\t\t\t\t<\/a>\n\t\t\t\t\t<\/h3>\n\t\t\t\t\t\t\t\t\t\t\t\t\t<div class=\"wd-post-excerpt wd-scroll-content\">\n\t\t\t\t\t\t\t\t\t\t\t\t\tQuem n\u00e3o gosta de um bom chocolate? Seja para aliviar o estresse ou celebrar um momento, ele \u00e9 um dos alimentos mais amados do mundo. No entanto, o que era para ser um pequeno prazer pode se tornar um problema...\t\t\t\t\t\t\t\t\t\t\t<\/div>\n\t\t\t\t\t\t\t<\/div>\n\t\t\t\t\t\t\t\t\t\t\t\t<div class=\"wd-post-read-more wd-style-btn\">\n\t\t\t\t\t\t<a class=\" btn\" href=\"https:\/\/curante.net\/do-prazer-ao-excesso-o-que-acontece-com-seu-corpo-quando-voce-exagera-no-chocolate\/\">Leia Mais<\/a>\t\t\t\t\t<\/div>\n\t\t\t\t\t\t\t\t\t<\/div>\n\t<\/div>\n<\/article>\n\t\t\t\t\t\t\t\t\t\t\t\n<article id=\"post-19427\" class=\"wd-post blog-design-list blog-post-loop blog-style-flat post-19427 post type-post status-publish format-standard has-post-thumbnail hentry category-protecao-bucal category-saude\">\n\t<div class=\"wd-post-inner\">\n\t\t<div class=\"wd-post-thumb\">\n\t\t\t\t\t\t\t<div class=\"wd-post-img\">\n\t\t\t\t\t<img width=\"1300\" height=\"650\" src=\"https:\/\/curante.net\/wp-content\/uploads\/2026\/04\/imagens-blog-curante-59-1300x650.jpg\" class=\"attachment-large size-large\" alt=\"\" decoding=\"async\" srcset=\"https:\/\/curante.net\/wp-content\/uploads\/2026\/04\/imagens-blog-curante-59-1300x650.jpg 1300w, https:\/\/curante.net\/wp-content\/uploads\/2026\/04\/imagens-blog-curante-59-400x200.jpg 400w, https:\/\/curante.net\/wp-content\/uploads\/2026\/04\/imagens-blog-curante-59-768x384.jpg 768w, https:\/\/curante.net\/wp-content\/uploads\/2026\/04\/imagens-blog-curante-59-1536x768.jpg 1536w, https:\/\/curante.net\/wp-content\/uploads\/2026\/04\/imagens-blog-curante-59-2048x1024.jpg 2048w, https:\/\/curante.net\/wp-content\/uploads\/2026\/04\/imagens-blog-curante-59-430x215.jpg 430w, https:\/\/curante.net\/wp-content\/uploads\/2026\/04\/imagens-blog-curante-59-700x350.jpg 700w, https:\/\/curante.net\/wp-content\/uploads\/2026\/04\/imagens-blog-curante-59-150x75.jpg 150w\" sizes=\"(max-width: 1300px) 100vw, 1300px\" \/>\t\t\t\t<\/div>\n\t\t\t\t\t\t\t\t\t\t\t\t\t<div class=\"wd-post-date wd-style-with-bg\">\n\t\t\t\t<span class=\"post-date-day\">\n\t\t\t\t\t10\t\t\t\t<\/span>\n\t\t\t\t<span class=\"post-date-month\">\n\t\t\t\t\tabr\t\t\t\t<\/span>\n\t\t\t<\/div>\n\t\t\t\t\t\t\t\t\t\t\t<a class=\"wd-post-link wd-fill\" href=\"https:\/\/curante.net\/sorriso-em-dia-por-que-a-saude-bucal-vai-muito-alem-da-estetica\/\" rel=\"bookmark\" aria-label=\"Link no post Sorriso em Dia: Por que a Sa\u00fade Bucal Vai Muito Al\u00e9m da Est\u00e9tica?\"><\/a>\n\t\t\t\t\t<\/div>\n\n\t\t<div class=\"wd-post-content\">\n\t\t\t<div class=\"wd-post-content-inner wd-scroll\">\n\t\t\t\t\t\t\t\t\t\t\t\t\t<h3 class=\"wd-post-title wd-entities-title title post-title\">\n\t\t\t\t\t\t<a href=\"https:\/\/curante.net\/sorriso-em-dia-por-que-a-saude-bucal-vai-muito-alem-da-estetica\/\" rel=\"bookmark\">\n\t\t\t\t\t\t\tSorriso em Dia: Por que a Sa\u00fade Bucal Vai Muito Al\u00e9m da Est\u00e9tica?\t\t\t\t\t\t<\/a>\n\t\t\t\t\t<\/h3>\n\t\t\t\t\t\t\t\t\t\t\t\t\t<div class=\"wd-post-excerpt wd-scroll-content\">\n\t\t\t\t\t\t\t\t\t\t\t\t\tera um sorriso bonito \u00e9 o desejo de muitos, mas voc\u00ea sabia que a sa\u00fade da sua boca \u00e9 o reflexo direto do equil\u00edbrio do seu corpo? Aqui na Curante, com nossos 23 anos acompanhando a sa\u00fade dos brasilienses, percebemos...\t\t\t\t\t\t\t\t\t\t\t<\/div>\n\t\t\t\t\t\t\t<\/div>\n\t\t\t\t\t\t\t\t\t\t\t\t<div class=\"wd-post-read-more wd-style-btn\">\n\t\t\t\t\t\t<a class=\" btn\" href=\"https:\/\/curante.net\/sorriso-em-dia-por-que-a-saude-bucal-vai-muito-alem-da-estetica\/\">Leia Mais<\/a>\t\t\t\t\t<\/div>\n\t\t\t\t\t\t\t\t\t<\/div>\n\t<\/div>\n<\/article>\n\t\t\t\t\t\t\t\t\t\t\t\n<article id=\"post-19351\" class=\"wd-post blog-design-list blog-post-loop blog-style-flat post-19351 post type-post status-publish format-standard has-post-thumbnail hentry category-corpo category-cuidados-com-a-pele\">\n\t<div class=\"wd-post-inner\">\n\t\t<div class=\"wd-post-thumb\">\n\t\t\t\t\t\t\t<div class=\"wd-post-img\">\n\t\t\t\t\t<img width=\"1300\" height=\"650\" src=\"https:\/\/curante.net\/wp-content\/uploads\/2026\/04\/imagens-blog-curante-57-1300x650.jpg\" class=\"attachment-large size-large\" alt=\"\" decoding=\"async\" srcset=\"https:\/\/curante.net\/wp-content\/uploads\/2026\/04\/imagens-blog-curante-57-1300x650.jpg 1300w, https:\/\/curante.net\/wp-content\/uploads\/2026\/04\/imagens-blog-curante-57-400x200.jpg 400w, https:\/\/curante.net\/wp-content\/uploads\/2026\/04\/imagens-blog-curante-57-768x384.jpg 768w, https:\/\/curante.net\/wp-content\/uploads\/2026\/04\/imagens-blog-curante-57-1536x768.jpg 1536w, https:\/\/curante.net\/wp-content\/uploads\/2026\/04\/imagens-blog-curante-57-2048x1024.jpg 2048w, https:\/\/curante.net\/wp-content\/uploads\/2026\/04\/imagens-blog-curante-57-430x215.jpg 430w, https:\/\/curante.net\/wp-content\/uploads\/2026\/04\/imagens-blog-curante-57-700x350.jpg 700w, https:\/\/curante.net\/wp-content\/uploads\/2026\/04\/imagens-blog-curante-57-150x75.jpg 150w\" sizes=\"(max-width: 1300px) 100vw, 1300px\" \/>\t\t\t\t<\/div>\n\t\t\t\t\t\t\t\t\t\t\t\t\t<div class=\"wd-post-date wd-style-with-bg\">\n\t\t\t\t<span class=\"post-date-day\">\n\t\t\t\t\t02\t\t\t\t<\/span>\n\t\t\t\t<span class=\"post-date-month\">\n\t\t\t\t\tabr\t\t\t\t<\/span>\n\t\t\t<\/div>\n\t\t\t\t\t\t\t\t\t\t\t<a class=\"wd-post-link wd-fill\" href=\"https:\/\/curante.net\/estrias-entenda-os-tipos-e-como-tratar-cada-uma-delas\/\" rel=\"bookmark\" aria-label=\"Link no post Estrias: Entenda os Tipos e Como Tratar Cada uma Delas\"><\/a>\n\t\t\t\t\t<\/div>\n\n\t\t<div class=\"wd-post-content\">\n\t\t\t<div class=\"wd-post-content-inner wd-scroll\">\n\t\t\t\t\t\t\t\t\t\t\t\t\t<h3 class=\"wd-post-title wd-entities-title title post-title\">\n\t\t\t\t\t\t<a href=\"https:\/\/curante.net\/estrias-entenda-os-tipos-e-como-tratar-cada-uma-delas\/\" rel=\"bookmark\">\n\t\t\t\t\t\t\tEstrias: Entenda os Tipos e Como Tratar Cada uma Delas\t\t\t\t\t\t<\/a>\n\t\t\t\t\t<\/h3>\n\t\t\t\t\t\t\t\t\t\t\t\t\t<div class=\"wd-post-excerpt wd-scroll-content\">\n\t\t\t\t\t\t\t\t\t\t\t\t\tVoc\u00ea j\u00e1 parou para olhar para as suas estrias e percebeu que elas mudam de cor com o tempo? Essas marcas, que nada mais s\u00e3o do que \"cicatrizes\" causadas pelo estiramento repentino da pele, atingem homens e mulheres e podem...\t\t\t\t\t\t\t\t\t\t\t<\/div>\n\t\t\t\t\t\t\t<\/div>\n\t\t\t\t\t\t\t\t\t\t\t\t<div class=\"wd-post-read-more wd-style-btn\">\n\t\t\t\t\t\t<a class=\" btn\" href=\"https:\/\/curante.net\/estrias-entenda-os-tipos-e-como-tratar-cada-uma-delas\/\">Leia Mais<\/a>\t\t\t\t\t<\/div>\n\t\t\t\t\t\t\t\t\t<\/div>\n\t<\/div>\n<\/article>\n\t\t\t\t\t\t\t\t\t\t\t\n<article id=\"post-19347\" class=\"wd-post blog-design-list blog-post-loop blog-style-flat post-19347 post type-post status-publish format-standard has-post-thumbnail hentry category-corpo category-dicas\">\n\t<div class=\"wd-post-inner\">\n\t\t<div class=\"wd-post-thumb\">\n\t\t\t\t\t\t\t<div class=\"wd-post-img\">\n\t\t\t\t\t<img width=\"1300\" height=\"650\" src=\"https:\/\/curante.net\/wp-content\/uploads\/2026\/04\/imagens-blog-curante-56-1300x650.jpg\" class=\"attachment-large size-large\" alt=\"\" decoding=\"async\" srcset=\"https:\/\/curante.net\/wp-content\/uploads\/2026\/04\/imagens-blog-curante-56-1300x650.jpg 1300w, https:\/\/curante.net\/wp-content\/uploads\/2026\/04\/imagens-blog-curante-56-400x200.jpg 400w, https:\/\/curante.net\/wp-content\/uploads\/2026\/04\/imagens-blog-curante-56-768x384.jpg 768w, https:\/\/curante.net\/wp-content\/uploads\/2026\/04\/imagens-blog-curante-56-1536x768.jpg 1536w, https:\/\/curante.net\/wp-content\/uploads\/2026\/04\/imagens-blog-curante-56-2048x1024.jpg 2048w, https:\/\/curante.net\/wp-content\/uploads\/2026\/04\/imagens-blog-curante-56-430x215.jpg 430w, https:\/\/curante.net\/wp-content\/uploads\/2026\/04\/imagens-blog-curante-56-700x350.jpg 700w, https:\/\/curante.net\/wp-content\/uploads\/2026\/04\/imagens-blog-curante-56-150x75.jpg 150w\" sizes=\"(max-width: 1300px) 100vw, 1300px\" \/>\t\t\t\t<\/div>\n\t\t\t\t\t\t\t\t\t\t\t\t\t<div class=\"wd-post-date wd-style-with-bg\">\n\t\t\t\t<span class=\"post-date-day\">\n\t\t\t\t\t02\t\t\t\t<\/span>\n\t\t\t\t<span class=\"post-date-month\">\n\t\t\t\t\tabr\t\t\t\t<\/span>\n\t\t\t<\/div>\n\t\t\t\t\t\t\t\t\t\t\t<a class=\"wd-post-link wd-fill\" href=\"https:\/\/curante.net\/alem-da-pilula-o-que-voce-precisa-saber-sobre-o-uso-correto-dos-contraceptivos\/\" rel=\"bookmark\" aria-label=\"Link no post Al\u00e9m da P\u00edlula: O que voc\u00ea precisa saber sobre o uso correto dos contraceptivos\"><\/a>\n\t\t\t\t\t<\/div>\n\n\t\t<div class=\"wd-post-content\">\n\t\t\t<div class=\"wd-post-content-inner wd-scroll\">\n\t\t\t\t\t\t\t\t\t\t\t\t\t<h3 class=\"wd-post-title wd-entities-title title post-title\">\n\t\t\t\t\t\t<a href=\"https:\/\/curante.net\/alem-da-pilula-o-que-voce-precisa-saber-sobre-o-uso-correto-dos-contraceptivos\/\" rel=\"bookmark\">\n\t\t\t\t\t\t\tAl\u00e9m da P\u00edlula: O que voc\u00ea precisa saber sobre o uso correto dos contraceptivos\t\t\t\t\t\t<\/a>\n\t\t\t\t\t<\/h3>\n\t\t\t\t\t\t\t\t\t\t\t\t\t<div class=\"wd-post-excerpt wd-scroll-content\">\n\t\t\t\t\t\t\t\t\t\t\t\t\tRecentemente, o assunto ganhou destaque nos portais de not\u00edcias: pesquisas apontam que cerca de 25% das brasileiras n\u00e3o utilizam m\u00e9todos contraceptivos, e muitas das que utilizam admitem cometer erros que comprometem a efic\u00e1cia do tratamento. Outro dado relevante \u00e9 que...\t\t\t\t\t\t\t\t\t\t\t<\/div>\n\t\t\t\t\t\t\t<\/div>\n\t\t\t\t\t\t\t\t\t\t\t\t<div class=\"wd-post-read-more wd-style-btn\">\n\t\t\t\t\t\t<a class=\" btn\" href=\"https:\/\/curante.net\/alem-da-pilula-o-que-voce-precisa-saber-sobre-o-uso-correto-dos-contraceptivos\/\">Leia Mais<\/a>\t\t\t\t\t<\/div>\n\t\t\t\t\t\t\t\t\t<\/div>\n\t<\/div>\n<\/article>\n\t\t\t\t\t\t\t\t\t\t\t\n<article id=\"post-19293\" class=\"wd-post blog-design-list blog-post-loop blog-style-flat post-19293 post type-post status-publish format-standard has-post-thumbnail hentry category-alimentacao category-dicas\">\n\t<div class=\"wd-post-inner\">\n\t\t<div class=\"wd-post-thumb\">\n\t\t\t\t\t\t\t<div class=\"wd-post-img\">\n\t\t\t\t\t<img width=\"1300\" height=\"650\" src=\"https:\/\/curante.net\/wp-content\/uploads\/2026\/03\/imagens-blog-curante-55-1300x650.jpg\" class=\"attachment-large size-large\" alt=\"\" decoding=\"async\" srcset=\"https:\/\/curante.net\/wp-content\/uploads\/2026\/03\/imagens-blog-curante-55-1300x650.jpg 1300w, https:\/\/curante.net\/wp-content\/uploads\/2026\/03\/imagens-blog-curante-55-400x200.jpg 400w, https:\/\/curante.net\/wp-content\/uploads\/2026\/03\/imagens-blog-curante-55-768x384.jpg 768w, https:\/\/curante.net\/wp-content\/uploads\/2026\/03\/imagens-blog-curante-55-1536x768.jpg 1536w, https:\/\/curante.net\/wp-content\/uploads\/2026\/03\/imagens-blog-curante-55-2048x1024.jpg 2048w, https:\/\/curante.net\/wp-content\/uploads\/2026\/03\/imagens-blog-curante-55-430x215.jpg 430w, https:\/\/curante.net\/wp-content\/uploads\/2026\/03\/imagens-blog-curante-55-700x350.jpg 700w, https:\/\/curante.net\/wp-content\/uploads\/2026\/03\/imagens-blog-curante-55-150x75.jpg 150w\" sizes=\"(max-width: 1300px) 100vw, 1300px\" \/>\t\t\t\t<\/div>\n\t\t\t\t\t\t\t\t\t\t\t\t\t<div class=\"wd-post-date wd-style-with-bg\">\n\t\t\t\t<span class=\"post-date-day\">\n\t\t\t\t\t19\t\t\t\t<\/span>\n\t\t\t\t<span class=\"post-date-month\">\n\t\t\t\t\tmar\t\t\t\t<\/span>\n\t\t\t<\/div>\n\t\t\t\t\t\t\t\t\t\t\t<a class=\"wd-post-link wd-fill\" href=\"https:\/\/curante.net\/equilibrio-no-prato-e-no-dia-a-dia-como-prevenir-a-diabetes-com-ciencia-e-praticidade\/\" rel=\"bookmark\" aria-label=\"Link no post Equil\u00edbrio no Prato e no Dia a Dia: Como Prevenir a Diabetes com Ci\u00eancia e Praticidade\"><\/a>\n\t\t\t\t\t<\/div>\n\n\t\t<div class=\"wd-post-content\">\n\t\t\t<div class=\"wd-post-content-inner wd-scroll\">\n\t\t\t\t\t\t\t\t\t\t\t\t\t<h3 class=\"wd-post-title wd-entities-title title post-title\">\n\t\t\t\t\t\t<a href=\"https:\/\/curante.net\/equilibrio-no-prato-e-no-dia-a-dia-como-prevenir-a-diabetes-com-ciencia-e-praticidade\/\" rel=\"bookmark\">\n\t\t\t\t\t\t\tEquil\u00edbrio no Prato e no Dia a Dia: Como Prevenir a Diabetes com Ci\u00eancia e Praticidade\t\t\t\t\t\t<\/a>\n\t\t\t\t\t<\/h3>\n\t\t\t\t\t\t\t\t\t\t\t\t\t<div class=\"wd-post-excerpt wd-scroll-content\">\n\t\t\t\t\t\t\t\t\t\t\t\t\tA diabetes \u00e9 uma condi\u00e7\u00e3o que atinge milh\u00f5es de brasileiros, mas a boa not\u00edcia \u00e9 que as pesquisas mais recentes trazem esperan\u00e7a: a preven\u00e7\u00e3o est\u00e1, em grande parte, nas nossas m\u00e3os (e nas nossas escolhas!). Muito al\u00e9m de apenas \"cortar...\t\t\t\t\t\t\t\t\t\t\t<\/div>\n\t\t\t\t\t\t\t<\/div>\n\t\t\t\t\t\t\t\t\t\t\t\t<div class=\"wd-post-read-more wd-style-btn\">\n\t\t\t\t\t\t<a class=\" btn\" href=\"https:\/\/curante.net\/equilibrio-no-prato-e-no-dia-a-dia-como-prevenir-a-diabetes-com-ciencia-e-praticidade\/\">Leia Mais<\/a>\t\t\t\t\t<\/div>\n\t\t\t\t\t\t\t\t\t<\/div>\n\t<\/div>\n<\/article>\n\t\t\t\t\t\t\t\t\t\t\t\n<article id=\"post-19256\" class=\"wd-post blog-design-list blog-post-loop blog-style-flat post-19256 post type-post status-publish format-standard has-post-thumbnail hentry category-cerebro category-corpo\">\n\t<div class=\"wd-post-inner\">\n\t\t<div class=\"wd-post-thumb\">\n\t\t\t\t\t\t\t<div class=\"wd-post-img\">\n\t\t\t\t\t<img width=\"1300\" height=\"650\" src=\"https:\/\/curante.net\/wp-content\/uploads\/2026\/03\/imagens-blog-curante-54-1300x650.jpg\" class=\"attachment-large size-large\" alt=\"\" decoding=\"async\" srcset=\"https:\/\/curante.net\/wp-content\/uploads\/2026\/03\/imagens-blog-curante-54-1300x650.jpg 1300w, https:\/\/curante.net\/wp-content\/uploads\/2026\/03\/imagens-blog-curante-54-400x200.jpg 400w, https:\/\/curante.net\/wp-content\/uploads\/2026\/03\/imagens-blog-curante-54-768x384.jpg 768w, https:\/\/curante.net\/wp-content\/uploads\/2026\/03\/imagens-blog-curante-54-1536x768.jpg 1536w, https:\/\/curante.net\/wp-content\/uploads\/2026\/03\/imagens-blog-curante-54-2048x1024.jpg 2048w, https:\/\/curante.net\/wp-content\/uploads\/2026\/03\/imagens-blog-curante-54-430x215.jpg 430w, https:\/\/curante.net\/wp-content\/uploads\/2026\/03\/imagens-blog-curante-54-700x350.jpg 700w, https:\/\/curante.net\/wp-content\/uploads\/2026\/03\/imagens-blog-curante-54-150x75.jpg 150w\" sizes=\"(max-width: 1300px) 100vw, 1300px\" \/>\t\t\t\t<\/div>\n\t\t\t\t\t\t\t\t\t\t\t\t\t<div class=\"wd-post-date wd-style-with-bg\">\n\t\t\t\t<span class=\"post-date-day\">\n\t\t\t\t\t18\t\t\t\t<\/span>\n\t\t\t\t<span class=\"post-date-month\">\n\t\t\t\t\tmar\t\t\t\t<\/span>\n\t\t\t<\/div>\n\t\t\t\t\t\t\t\t\t\t\t<a class=\"wd-post-link wd-fill\" href=\"https:\/\/curante.net\/o-que-seu-cerebro-tenta-dizer-quando-voce-esquece-de-beber-agua\/\" rel=\"bookmark\" aria-label=\"Link no post O Que Seu C\u00e9rebro Tenta Dizer Quando Voc\u00ea Esquece de Beber \u00c1gua?\"><\/a>\n\t\t\t\t\t<\/div>\n\n\t\t<div class=\"wd-post-content\">\n\t\t\t<div class=\"wd-post-content-inner wd-scroll\">\n\t\t\t\t\t\t\t\t\t\t\t\t\t<h3 class=\"wd-post-title wd-entities-title title post-title\">\n\t\t\t\t\t\t<a href=\"https:\/\/curante.net\/o-que-seu-cerebro-tenta-dizer-quando-voce-esquece-de-beber-agua\/\" rel=\"bookmark\">\n\t\t\t\t\t\t\tO Que Seu C\u00e9rebro Tenta Dizer Quando Voc\u00ea Esquece de Beber \u00c1gua?\t\t\t\t\t\t<\/a>\n\t\t\t\t\t<\/h3>\n\t\t\t\t\t\t\t\t\t\t\t\t\t<div class=\"wd-post-excerpt wd-scroll-content\">\n\t\t\t\t\t\t\t\t\t\t\t\t\tVoc\u00ea j\u00e1 sentiu aquela \"n\u00e9voa mental\" no meio da tarde? Uma irrita\u00e7\u00e3o que surge do nada ou uma dificuldade enorme em se concentrar em uma tarefa simples? Muitas vezes, culpamos o estresse ou o cansa\u00e7o, mas estudos publicados recentemente em...\t\t\t\t\t\t\t\t\t\t\t<\/div>\n\t\t\t\t\t\t\t<\/div>\n\t\t\t\t\t\t\t\t\t\t\t\t<div class=\"wd-post-read-more wd-style-btn\">\n\t\t\t\t\t\t<a class=\" btn\" href=\"https:\/\/curante.net\/o-que-seu-cerebro-tenta-dizer-quando-voce-esquece-de-beber-agua\/\">Leia Mais<\/a>\t\t\t\t\t<\/div>\n\t\t\t\t\t\t\t\t\t<\/div>\n\t<\/div>\n<\/article>\n\t\t\t\t\t\t\t\t\t\t\t\n<article id=\"post-19252\" class=\"wd-post blog-design-list blog-post-loop blog-style-flat post-19252 post type-post status-publish format-standard has-post-thumbnail hentry category-criancas category-dicas\">\n\t<div class=\"wd-post-inner\">\n\t\t<div class=\"wd-post-thumb\">\n\t\t\t\t\t\t\t<div class=\"wd-post-img\">\n\t\t\t\t\t<img width=\"1300\" height=\"650\" src=\"https:\/\/curante.net\/wp-content\/uploads\/2026\/03\/imagens-blog-curante-53-1300x650.jpg\" class=\"attachment-large size-large\" alt=\"\" decoding=\"async\" srcset=\"https:\/\/curante.net\/wp-content\/uploads\/2026\/03\/imagens-blog-curante-53-1300x650.jpg 1300w, https:\/\/curante.net\/wp-content\/uploads\/2026\/03\/imagens-blog-curante-53-400x200.jpg 400w, https:\/\/curante.net\/wp-content\/uploads\/2026\/03\/imagens-blog-curante-53-768x384.jpg 768w, https:\/\/curante.net\/wp-content\/uploads\/2026\/03\/imagens-blog-curante-53-1536x768.jpg 1536w, https:\/\/curante.net\/wp-content\/uploads\/2026\/03\/imagens-blog-curante-53-2048x1024.jpg 2048w, https:\/\/curante.net\/wp-content\/uploads\/2026\/03\/imagens-blog-curante-53-430x215.jpg 430w, https:\/\/curante.net\/wp-content\/uploads\/2026\/03\/imagens-blog-curante-53-700x350.jpg 700w, https:\/\/curante.net\/wp-content\/uploads\/2026\/03\/imagens-blog-curante-53-150x75.jpg 150w\" sizes=\"(max-width: 1300px) 100vw, 1300px\" \/>\t\t\t\t<\/div>\n\t\t\t\t\t\t\t\t\t\t\t\t\t<div class=\"wd-post-date wd-style-with-bg\">\n\t\t\t\t<span class=\"post-date-day\">\n\t\t\t\t\t18\t\t\t\t<\/span>\n\t\t\t\t<span class=\"post-date-month\">\n\t\t\t\t\tmar\t\t\t\t<\/span>\n\t\t\t<\/div>\n\t\t\t\t\t\t\t\t\t\t\t<a class=\"wd-post-link wd-fill\" href=\"https:\/\/curante.net\/antibioticos-na-infancia-como-proteger-a-microbiota-dos-nossos-pequenos\/\" rel=\"bookmark\" aria-label=\"Link no post Antibi\u00f3ticos na Inf\u00e2ncia: Como Proteger a Microbiota dos Nossos Pequenos\"><\/a>\n\t\t\t\t\t<\/div>\n\n\t\t<div class=\"wd-post-content\">\n\t\t\t<div class=\"wd-post-content-inner wd-scroll\">\n\t\t\t\t\t\t\t\t\t\t\t\t\t<h3 class=\"wd-post-title wd-entities-title title post-title\">\n\t\t\t\t\t\t<a href=\"https:\/\/curante.net\/antibioticos-na-infancia-como-proteger-a-microbiota-dos-nossos-pequenos\/\" rel=\"bookmark\">\n\t\t\t\t\t\t\tAntibi\u00f3ticos na Inf\u00e2ncia: Como Proteger a Microbiota dos Nossos Pequenos\t\t\t\t\t\t<\/a>\n\t\t\t\t\t<\/h3>\n\t\t\t\t\t\t\t\t\t\t\t\t\t<div class=\"wd-post-excerpt wd-scroll-content\">\n\t\t\t\t\t\t\t\t\t\t\t\t\tQuem \u00e9 pai ou m\u00e3e sabe: ver um filho com febre ou infec\u00e7\u00e3o d\u00f3i no cora\u00e7\u00e3o. Nessas horas, o uso de antibi\u00f3ticos costuma ser a ferramenta essencial recomendada pelo pediatra para combater as bact\u00e9rias \"vil\u00e3s\". No entanto, estudos recentes 2025\/2026...\t\t\t\t\t\t\t\t\t\t\t<\/div>\n\t\t\t\t\t\t\t<\/div>\n\t\t\t\t\t\t\t\t\t\t\t\t<div class=\"wd-post-read-more wd-style-btn\">\n\t\t\t\t\t\t<a class=\" btn\" href=\"https:\/\/curante.net\/antibioticos-na-infancia-como-proteger-a-microbiota-dos-nossos-pequenos\/\">Leia Mais<\/a>\t\t\t\t\t<\/div>\n\t\t\t\t\t\t\t\t\t<\/div>\n\t<\/div>\n<\/article>\n\t\t\t\t\t\t\t\t\t\t\t\n<article id=\"post-19237\" class=\"wd-post blog-design-list blog-post-loop blog-style-flat post-19237 post type-post status-publish format-standard has-post-thumbnail hentry category-corpo category-saude\">\n\t<div class=\"wd-post-inner\">\n\t\t<div class=\"wd-post-thumb\">\n\t\t\t\t\t\t\t<div class=\"wd-post-img\">\n\t\t\t\t\t<img width=\"1300\" height=\"650\" src=\"https:\/\/curante.net\/wp-content\/uploads\/2026\/03\/imagens-blog-curante-52-1300x650.jpg\" class=\"attachment-large size-large\" alt=\"\" decoding=\"async\" srcset=\"https:\/\/curante.net\/wp-content\/uploads\/2026\/03\/imagens-blog-curante-52-1300x650.jpg 1300w, https:\/\/curante.net\/wp-content\/uploads\/2026\/03\/imagens-blog-curante-52-400x200.jpg 400w, https:\/\/curante.net\/wp-content\/uploads\/2026\/03\/imagens-blog-curante-52-768x384.jpg 768w, https:\/\/curante.net\/wp-content\/uploads\/2026\/03\/imagens-blog-curante-52-1536x768.jpg 1536w, https:\/\/curante.net\/wp-content\/uploads\/2026\/03\/imagens-blog-curante-52-2048x1024.jpg 2048w, https:\/\/curante.net\/wp-content\/uploads\/2026\/03\/imagens-blog-curante-52-430x215.jpg 430w, https:\/\/curante.net\/wp-content\/uploads\/2026\/03\/imagens-blog-curante-52-700x350.jpg 700w, https:\/\/curante.net\/wp-content\/uploads\/2026\/03\/imagens-blog-curante-52-150x75.jpg 150w\" sizes=\"(max-width: 1300px) 100vw, 1300px\" \/>\t\t\t\t<\/div>\n\t\t\t\t\t\t\t\t\t\t\t\t\t<div class=\"wd-post-date wd-style-with-bg\">\n\t\t\t\t<span class=\"post-date-day\">\n\t\t\t\t\t16\t\t\t\t<\/span>\n\t\t\t\t<span class=\"post-date-month\">\n\t\t\t\t\tmar\t\t\t\t<\/span>\n\t\t\t<\/div>\n\t\t\t\t\t\t\t\t\t\t\t<a class=\"wd-post-link wd-fill\" href=\"https:\/\/curante.net\/equilibrio-e-bem-estar-o-que-precisamos-saber-sobre-o-uso-excessivo-de-bebidas-alcoolicas\/\" rel=\"bookmark\" aria-label=\"Link no post Equil\u00edbrio e Bem-Estar: O Que Precisamos Saber Sobre o Uso Excessivo de Bebidas Alco\u00f3licas\"><\/a>\n\t\t\t\t\t<\/div>\n\n\t\t<div class=\"wd-post-content\">\n\t\t\t<div class=\"wd-post-content-inner wd-scroll\">\n\t\t\t\t\t\t\t\t\t\t\t\t\t<h3 class=\"wd-post-title wd-entities-title title post-title\">\n\t\t\t\t\t\t<a href=\"https:\/\/curante.net\/equilibrio-e-bem-estar-o-que-precisamos-saber-sobre-o-uso-excessivo-de-bebidas-alcoolicas\/\" rel=\"bookmark\">\n\t\t\t\t\t\t\tEquil\u00edbrio e Bem-Estar: O Que Precisamos Saber Sobre o Uso Excessivo de Bebidas Alco\u00f3licas\t\t\t\t\t\t<\/a>\n\t\t\t\t\t<\/h3>\n\t\t\t\t\t\t\t\t\t\t\t\t\t<div class=\"wd-post-excerpt wd-scroll-content\">\n\t\t\t\t\t\t\t\t\t\t\t\t\tO cen\u00e1rio do consumo de \u00e1lcool no Brasil tem passado por mudan\u00e7as curiosas. Pesquisas recentes de 2025 e 2026 indicam que uma fatia maior da popula\u00e7\u00e3o, cerca de 64% dos brasileiros \u2014 est\u00e1 optando pela abstin\u00eancia ou reduzindo drasticamente o...\t\t\t\t\t\t\t\t\t\t\t<\/div>\n\t\t\t\t\t\t\t<\/div>\n\t\t\t\t\t\t\t\t\t\t\t\t<div class=\"wd-post-read-more wd-style-btn\">\n\t\t\t\t\t\t<a class=\" btn\" href=\"https:\/\/curante.net\/equilibrio-e-bem-estar-o-que-precisamos-saber-sobre-o-uso-excessivo-de-bebidas-alcoolicas\/\">Leia Mais<\/a>\t\t\t\t\t<\/div>\n\t\t\t\t\t\t\t\t\t<\/div>\n\t<\/div>\n<\/article>\n\t\t\t\t\t\t\t\t\t\t\t\n<article id=\"post-19232\" class=\"wd-post blog-design-list blog-post-loop blog-style-flat post-19232 post type-post status-publish format-standard has-post-thumbnail hentry category-dicas category-sono\">\n\t<div class=\"wd-post-inner\">\n\t\t<div class=\"wd-post-thumb\">\n\t\t\t\t\t\t\t<div class=\"wd-post-img\">\n\t\t\t\t\t<img width=\"1300\" height=\"650\" src=\"https:\/\/curante.net\/wp-content\/uploads\/2026\/03\/imagens-blog-curante-51-1300x650.jpg\" class=\"attachment-large size-large\" alt=\"\" decoding=\"async\" srcset=\"https:\/\/curante.net\/wp-content\/uploads\/2026\/03\/imagens-blog-curante-51-1300x650.jpg 1300w, https:\/\/curante.net\/wp-content\/uploads\/2026\/03\/imagens-blog-curante-51-400x200.jpg 400w, https:\/\/curante.net\/wp-content\/uploads\/2026\/03\/imagens-blog-curante-51-768x384.jpg 768w, https:\/\/curante.net\/wp-content\/uploads\/2026\/03\/imagens-blog-curante-51-1536x768.jpg 1536w, https:\/\/curante.net\/wp-content\/uploads\/2026\/03\/imagens-blog-curante-51-2048x1024.jpg 2048w, https:\/\/curante.net\/wp-content\/uploads\/2026\/03\/imagens-blog-curante-51-430x215.jpg 430w, https:\/\/curante.net\/wp-content\/uploads\/2026\/03\/imagens-blog-curante-51-700x350.jpg 700w, https:\/\/curante.net\/wp-content\/uploads\/2026\/03\/imagens-blog-curante-51-150x75.jpg 150w\" sizes=\"(max-width: 1300px) 100vw, 1300px\" \/>\t\t\t\t<\/div>\n\t\t\t\t\t\t\t\t\t\t\t\t\t<div class=\"wd-post-date wd-style-with-bg\">\n\t\t\t\t<span class=\"post-date-day\">\n\t\t\t\t\t16\t\t\t\t<\/span>\n\t\t\t\t<span class=\"post-date-month\">\n\t\t\t\t\tmar\t\t\t\t<\/span>\n\t\t\t<\/div>\n\t\t\t\t\t\t\t\t\t\t\t<a class=\"wd-post-link wd-fill\" href=\"https:\/\/curante.net\/afinal-quantas-horas-precisamos-dormir-descubra-a-quantidade-ideal-para-o-seu-corpo-e-mente\/\" rel=\"bookmark\" aria-label=\"Link no post Afinal, Quantas Horas Precisamos Dormir? Descubra a Quantidade Ideal Para o Seu Corpo e Mente\"><\/a>\n\t\t\t\t\t<\/div>\n\n\t\t<div class=\"wd-post-content\">\n\t\t\t<div class=\"wd-post-content-inner wd-scroll\">\n\t\t\t\t\t\t\t\t\t\t\t\t\t<h3 class=\"wd-post-title wd-entities-title title post-title\">\n\t\t\t\t\t\t<a href=\"https:\/\/curante.net\/afinal-quantas-horas-precisamos-dormir-descubra-a-quantidade-ideal-para-o-seu-corpo-e-mente\/\" rel=\"bookmark\">\n\t\t\t\t\t\t\tAfinal, Quantas Horas Precisamos Dormir? Descubra a Quantidade Ideal Para o Seu Corpo e Mente\t\t\t\t\t\t<\/a>\n\t\t\t\t\t<\/h3>\n\t\t\t\t\t\t\t\t\t\t\t\t\t<div class=\"wd-post-excerpt wd-scroll-content\">\n\t\t\t\t\t\t\t\t\t\t\t\t\tDormir bem \u00e9 um dos pilares da nossa longevidade. Mas, se voc\u00ea ainda vive perseguindo a regra r\u00edgida das \"8 horas por noite\", temos novidades. Estudos recentes publicados entre 2025 e 2026 mostram que a quantidade ideal de sono pode...\t\t\t\t\t\t\t\t\t\t\t<\/div>\n\t\t\t\t\t\t\t<\/div>\n\t\t\t\t\t\t\t\t\t\t\t\t<div class=\"wd-post-read-more wd-style-btn\">\n\t\t\t\t\t\t<a class=\" btn\" href=\"https:\/\/curante.net\/afinal-quantas-horas-precisamos-dormir-descubra-a-quantidade-ideal-para-o-seu-corpo-e-mente\/\">Leia Mais<\/a>\t\t\t\t\t<\/div>\n\t\t\t\t\t\t\t\t\t<\/div>\n\t<\/div>\n<\/article>\n\t\t\t\t\t\t\t\t\t\t\t\n<article id=\"post-19176\" class=\"wd-post blog-design-list blog-post-loop blog-style-flat post-19176 post type-post status-publish format-standard has-post-thumbnail hentry category-dicas category-novidades\">\n\t<div class=\"wd-post-inner\">\n\t\t<div class=\"wd-post-thumb\">\n\t\t\t\t\t\t\t<div class=\"wd-post-img\">\n\t\t\t\t\t<img width=\"1300\" height=\"650\" src=\"https:\/\/curante.net\/wp-content\/uploads\/2026\/03\/imagens-blog-curante-50-1300x650.jpg\" class=\"attachment-large size-large\" alt=\"\" decoding=\"async\" srcset=\"https:\/\/curante.net\/wp-content\/uploads\/2026\/03\/imagens-blog-curante-50-1300x650.jpg 1300w, https:\/\/curante.net\/wp-content\/uploads\/2026\/03\/imagens-blog-curante-50-400x200.jpg 400w, https:\/\/curante.net\/wp-content\/uploads\/2026\/03\/imagens-blog-curante-50-768x384.jpg 768w, https:\/\/curante.net\/wp-content\/uploads\/2026\/03\/imagens-blog-curante-50-1536x768.jpg 1536w, https:\/\/curante.net\/wp-content\/uploads\/2026\/03\/imagens-blog-curante-50-2048x1024.jpg 2048w, https:\/\/curante.net\/wp-content\/uploads\/2026\/03\/imagens-blog-curante-50-430x215.jpg 430w, https:\/\/curante.net\/wp-content\/uploads\/2026\/03\/imagens-blog-curante-50-700x350.jpg 700w, https:\/\/curante.net\/wp-content\/uploads\/2026\/03\/imagens-blog-curante-50-150x75.jpg 150w\" sizes=\"(max-width: 1300px) 100vw, 1300px\" \/>\t\t\t\t<\/div>\n\t\t\t\t\t\t\t\t\t\t\t\t\t<div class=\"wd-post-date wd-style-with-bg\">\n\t\t\t\t<span class=\"post-date-day\">\n\t\t\t\t\t12\t\t\t\t<\/span>\n\t\t\t\t<span class=\"post-date-month\">\n\t\t\t\t\tmar\t\t\t\t<\/span>\n\t\t\t<\/div>\n\t\t\t\t\t\t\t\t\t\t\t<a class=\"wd-post-link wd-fill\" href=\"https:\/\/curante.net\/tratamento-homeopatico-descubra-como-a-homeopatia-funciona-e-seus-beneficios-reais\/\" rel=\"bookmark\" aria-label=\"Link no post Tratamento Homeop\u00e1tico: Descubra Como a Homeopatia Funciona e seus Benef\u00edcios Reais\"><\/a>\n\t\t\t\t\t<\/div>\n\n\t\t<div class=\"wd-post-content\">\n\t\t\t<div class=\"wd-post-content-inner wd-scroll\">\n\t\t\t\t\t\t\t\t\t\t\t\t\t<h3 class=\"wd-post-title wd-entities-title title post-title\">\n\t\t\t\t\t\t<a href=\"https:\/\/curante.net\/tratamento-homeopatico-descubra-como-a-homeopatia-funciona-e-seus-beneficios-reais\/\" rel=\"bookmark\">\n\t\t\t\t\t\t\tTratamento Homeop\u00e1tico: Descubra Como a Homeopatia Funciona e seus Benef\u00edcios Reais\t\t\t\t\t\t<\/a>\n\t\t\t\t\t<\/h3>\n\t\t\t\t\t\t\t\t\t\t\t\t\t<div class=\"wd-post-excerpt wd-scroll-content\">\n\t\t\t\t\t\t\t\t\t\t\t\t\tVoc\u00ea j\u00e1 sentiu que seu corpo precisa de um \"ajuste fino\", algo que v\u00e1 al\u00e9m de apenas tratar um sintoma isolado? Nos \u00faltimos anos, temos visto um movimento crescente em dire\u00e7\u00e3o \u00e0 sa\u00fade integrativa. Not\u00edcias recentes do setor de bem-estar...\t\t\t\t\t\t\t\t\t\t\t<\/div>\n\t\t\t\t\t\t\t<\/div>\n\t\t\t\t\t\t\t\t\t\t\t\t<div class=\"wd-post-read-more wd-style-btn\">\n\t\t\t\t\t\t<a class=\" btn\" href=\"https:\/\/curante.net\/tratamento-homeopatico-descubra-como-a-homeopatia-funciona-e-seus-beneficios-reais\/\">Leia Mais<\/a>\t\t\t\t\t<\/div>\n\t\t\t\t\t\t\t\t\t<\/div>\n\t<\/div>\n<\/article>\n\t\t\t\t\t\n\t\t\t\t\t","status":"have-posts","nextPage":"https:\/\/curante.net\/dicas-de-saude\/page\/3\/?woo_ajax=1","currentPage":"https:\/\/curante.net\/dicas-de-saude\/page\/2"}